{"id":199900,"date":"2025-12-23T15:52:10","date_gmt":"2025-12-23T15:52:10","guid":{"rendered":"https:\/\/www.europesays.com\/pt\/199900\/"},"modified":"2025-12-23T15:52:10","modified_gmt":"2025-12-23T15:52:10","slug":"salario-minimo-nesta-empresa-vai-ser-1215-euros-com-subsidio-de-entre-100-e-300-euros-a-aniversariantes-e-este-ano-ofereceu-500-euros-extra-em-cartao","status":"publish","type":"post","link":"https:\/\/www.europesays.com\/pt\/199900\/","title":{"rendered":"Sal\u00e1rio m\u00ednimo nesta empresa vai ser 1215 euros (com subs\u00eddio de entre 100 e 300 euros a aniversariantes). E este ano ofereceu 500 euros extra em cart\u00e3o"},"content":{"rendered":"\n<p>Sal\u00e1rio m\u00ednimo nesta empresa vai ser 1215 euros (com subs\u00eddio de entre 100 e 300 euros a aniversariantes). E este ano ofereceu 500 euros extra em cart\u00e3o \u2013 Human Resources<\/p>\n<ul class=\"bf-breadcrumb-items\" itemscope=\"\" itemtype=\"http:\/\/schema.org\/BreadcrumbList\">\n<li itemprop=\"itemListElement\" itemscope=\"\" itemtype=\"http:\/\/schema.org\/ListItem\" class=\"bf-breadcrumb-item bf-breadcrumb-begin\"><a itemprop=\"item\" href=\"https:\/\/hrportugal.sapo.pt\" rel=\"home nofollow noopener\" target=\"_blank\">Home<\/a><\/li>\n<li itemprop=\"itemListElement\" itemscope=\"\" itemtype=\"http:\/\/schema.org\/ListItem\" class=\"bf-breadcrumb-item\"><a itemprop=\"item\" href=\"https:\/\/hrportugal.sapo.pt\/categoria\/linkedin\/\" rel=\"nofollow noopener\" target=\"_blank\">Linkedin<\/a><\/li>\n<li itemprop=\"itemListElement\" itemscope=\"\" itemtype=\"http:\/\/schema.org\/ListItem\" class=\"bf-breadcrumb-item bf-breadcrumb-end\">Sal\u00e1rio m\u00ednimo nesta empresa vai ser 1215 euros (com subs\u00eddio de entre 100 e 300 euros a aniversariantes). E este ano ofereceu 500 euros extra em cart\u00e3o<\/li>\n<\/ul>\n","protected":false},"excerpt":{"rendered":"Sal\u00e1rio m\u00ednimo nesta empresa vai ser 1215 euros (com subs\u00eddio de entre 100 e 300 euros a aniversariantes).&hellip;\n","protected":false},"author":2,"featured_media":199901,"comment_status":"","ping_status":"","sticky":false,"template":"","format":"standard","meta":{"footnotes":""},"categories":[83],"tags":[88,89,90,12091,619,32,33],"class_list":{"0":"post-199900","1":"post","2":"type-post","3":"status-publish","4":"format-standard","5":"has-post-thumbnail","7":"category-empresas","8":"tag-business","9":"tag-economy","10":"tag-empresas","11":"tag-medicare","12":"tag-nacional","13":"tag-portugal","14":"tag-pt"},"share_on_mastodon":{"url":"https:\/\/pubeurope.com\/@pt\/115769687671936858","error":""},"_links":{"self":[{"href":"https:\/\/www.europesays.com\/pt\/wp-json\/wp\/v2\/posts\/199900","targetHints":{"allow":["GET"]}}],"collection":[{"href":"https:\/\/www.europesays.com\/pt\/wp-json\/wp\/v2\/posts"}],"about":[{"href":"https:\/\/www.europesays.com\/pt\/wp-json\/wp\/v2\/types\/post"}],"author":[{"embeddable":true,"href":"https:\/\/www.europesays.com\/pt\/wp-json\/wp\/v2\/users\/2"}],"replies":[{"embeddable":true,"href":"https:\/\/www.europesays.com\/pt\/wp-json\/wp\/v2\/comments?post=199900"}],"version-history":[{"count":0,"href":"https:\/\/www.europesays.com\/pt\/wp-json\/wp\/v2\/posts\/199900\/revisions"}],"wp:featuredmedia":[{"embeddable":true,"href":"https:\/\/www.europesays.com\/pt\/wp-json\/wp\/v2\/media\/199901"}],"wp:attachment":[{"href":"https:\/\/www.europesays.com\/pt\/wp-json\/wp\/v2\/media?parent=199900"}],"wp:term":[{"taxonomy":"category","embeddable":true,"href":"https:\/\/www.europesays.com\/pt\/wp-json\/wp\/v2\/categories?post=199900"},{"taxonomy":"post_tag","embeddable":true,"href":"https:\/\/www.europesays.com\/pt\/wp-json\/wp\/v2\/tags?post=199900"}],"curies":[{"name":"wp","href":"https:\/\/api.w.org\/{rel}","templated":true}]}}