{"id":199902,"date":"2025-12-23T15:53:09","date_gmt":"2025-12-23T15:53:09","guid":{"rendered":"https:\/\/www.europesays.com\/pt\/199902\/"},"modified":"2025-12-23T15:53:09","modified_gmt":"2025-12-23T15:53:09","slug":"marcelo-convoca-conselho-de-estado-para-analisar-situacao-na-ucrania","status":"publish","type":"post","link":"https:\/\/www.europesays.com\/pt\/199902\/","title":{"rendered":"Marcelo convoca Conselho de Estado para analisar situa\u00e7\u00e3o na Ucr\u00e2nia"},"content":{"rendered":"<p data-remotead-prev-elm=\"true\" data-remotead-elm-id=\"inread\">Esta ser\u00e1 a primeira reuni\u00e3o do Conselho de Estado, \u00f3rg\u00e3o pol\u00edtico de consulta do chefe de Estado, desde as elei\u00e7\u00f5es legislativas antecipadas de 18 de maio e acontecer\u00e1 j\u00e1 em per\u00edodo oficial de campanha para as elei\u00e7\u00f5es presidenciais de 18 de janeiro.<\/p>\n<p>&#8220;O presidente da Rep\u00fablica convocou o Conselho de Estado para o pr\u00f3ximo dia 9 de janeiro, pelas 15 horas, no Pal\u00e1cio de Bel\u00e9m, para analisar a situa\u00e7\u00e3o internacional, em particular a situa\u00e7\u00e3o na Ucr\u00e2nia&#8221;, refere-se na nota publicada no portal da Presid\u00eancia da Rep\u00fablica na Internet.<\/p>\n<p>Marcelo Rebelo de Sousa convocou esta reuni\u00e3o para exatamente dois meses do fim do seu segundo mandato como presidente da Rep\u00fablica, que terminar\u00e1 em 9 de mar\u00e7o de 2026.<\/p>\n<p data-remotead-prev-elm=\"true\" data-remotead-elm-id=\"centro1\">A anterior reuni\u00e3o do Conselho de Estado realizou-se h\u00e1 mais de oito meses, em 12 de mar\u00e7o, para efeitos da dissolu\u00e7\u00e3o da Assembleia da Rep\u00fablica, na sequ\u00eancia da reprova\u00e7\u00e3o de uma mo\u00e7\u00e3o de confian\u00e7a apresentada pelo primeiro Governo PSD\/CDS-PP chefiado por Lu\u00eds Montenegro.<\/p>\n<p> Na atual legislatura, a Assembleia da Rep\u00fablica, ao fim de mais de seis meses, ainda n\u00e3o elegeu os cinco membros que lhe compete indicar para o Conselho de Estado.<\/p>\n<p>Nos termos da Constitui\u00e7\u00e3o, os conselheiros eleitos pelo parlamento, em cada legislatura, mant\u00eam-se em fun\u00e7\u00f5es at\u00e9 \u00e0 posse dos que os substitu\u00edrem. Assim, continuam a representar o parlamento Carlos Moedas (PSD), Pedro Nuno Santos e Carlos C\u00e9sar (PS) e Andr\u00e9 Ventura &#8211; todos eleitos em 2024.<\/p>\n<p data-remotead-prev-elm=\"true\" data-remotead-elm-id=\"centro2\">Tamb\u00e9m fazia parte deste \u00f3rg\u00e3o o fundador do PSD e antigo primeiro-ministro, Francisco Pinto Balsem\u00e3o, que morreu em 21 de outubro.<\/p>\n<p>Entre os membros do Conselho de Estado nomeados por Marcelo Rebelo de Sousa, est\u00e1 Lu\u00eds Marques Mendes, que \u00e9 candidato nas elei\u00e7\u00f5es presidenciais de 18 de janeiro.<\/p>\n<p>Al\u00e9m de Lu\u00eds Marques Mendes, s\u00e3o membros nomeados pelo presidente da Rep\u00fablica a antiga ministra e atual vice-presidente do PSD, Leonor Beleza, a escritora L\u00eddia Jorge, a maestrina Joana Carneiro e o antigo dirigente do CDS Ant\u00f3nio Lobo Xavier.<\/p>\n<p>S\u00e3o membros do Conselho de Estado, por iner\u00eancia, os titulares dos cargos de presidente da Assembleia da Rep\u00fablica, primeiro-ministro, presidente do Tribunal Constitucional, provedor de Justi\u00e7a, presidentes dos governos regionais e antigos presidentes da Rep\u00fablica.<\/p>\n","protected":false},"excerpt":{"rendered":"Esta ser\u00e1 a primeira reuni\u00e3o do Conselho de Estado, \u00f3rg\u00e3o pol\u00edtico de consulta do chefe de Estado, desde&hellip;\n","protected":false},"author":2,"featured_media":199903,"comment_status":"","ping_status":"","sticky":false,"template":"","format":"standard","meta":{"footnotes":""},"categories":[50],"tags":[27,28,15,16,889,14,25,26,21,22,62,619,12,13,19,20,23,24,17,18,29,30,31,63,64,65],"class_list":{"0":"post-199902","1":"post","2":"type-post","3":"status-publish","4":"format-standard","5":"has-post-thumbnail","7":"category-mundo","8":"tag-breaking-news","9":"tag-breakingnews","10":"tag-featured-news","11":"tag-featurednews","12":"tag-guerra-na-ucrania","13":"tag-headlines","14":"tag-latest-news","15":"tag-latestnews","16":"tag-main-news","17":"tag-mainnews","18":"tag-mundo","19":"tag-nacional","20":"tag-news","21":"tag-noticias","22":"tag-noticias-principais","23":"tag-noticiasprincipais","24":"tag-principais-noticias","25":"tag-principaisnoticias","26":"tag-top-stories","27":"tag-topstories","28":"tag-ultimas","29":"tag-ultimas-noticias","30":"tag-ultimasnoticias","31":"tag-world","32":"tag-world-news","33":"tag-worldnews"},"share_on_mastodon":{"url":"https:\/\/pubeurope.com\/@pt\/115769691643218744","error":""},"_links":{"self":[{"href":"https:\/\/www.europesays.com\/pt\/wp-json\/wp\/v2\/posts\/199902","targetHints":{"allow":["GET"]}}],"collection":[{"href":"https:\/\/www.europesays.com\/pt\/wp-json\/wp\/v2\/posts"}],"about":[{"href":"https:\/\/www.europesays.com\/pt\/wp-json\/wp\/v2\/types\/post"}],"author":[{"embeddable":true,"href":"https:\/\/www.europesays.com\/pt\/wp-json\/wp\/v2\/users\/2"}],"replies":[{"embeddable":true,"href":"https:\/\/www.europesays.com\/pt\/wp-json\/wp\/v2\/comments?post=199902"}],"version-history":[{"count":0,"href":"https:\/\/www.europesays.com\/pt\/wp-json\/wp\/v2\/posts\/199902\/revisions"}],"wp:featuredmedia":[{"embeddable":true,"href":"https:\/\/www.europesays.com\/pt\/wp-json\/wp\/v2\/media\/199903"}],"wp:attachment":[{"href":"https:\/\/www.europesays.com\/pt\/wp-json\/wp\/v2\/media?parent=199902"}],"wp:term":[{"taxonomy":"category","embeddable":true,"href":"https:\/\/www.europesays.com\/pt\/wp-json\/wp\/v2\/categories?post=199902"},{"taxonomy":"post_tag","embeddable":true,"href":"https:\/\/www.europesays.com\/pt\/wp-json\/wp\/v2\/tags?post=199902"}],"curies":[{"name":"wp","href":"https:\/\/api.w.org\/{rel}","templated":true}]}}