{"id":19991,"date":"2025-08-07T16:28:12","date_gmt":"2025-08-07T16:28:12","guid":{"rendered":"https:\/\/www.europesays.com\/pt\/19991\/"},"modified":"2025-08-07T16:28:12","modified_gmt":"2025-08-07T16:28:12","slug":"a-hora-do-mal-e-filmaco-de-terror-sobre-o-desaparecimento-de-17-criancas-da-mesma-sala-de-aula","status":"publish","type":"post","link":"https:\/\/www.europesays.com\/pt\/19991\/","title":{"rendered":"A Hora do Mal \u00e9 filma\u00e7o de terror sobre o desaparecimento de 17 crian\u00e7as da mesma sala de aula"},"content":{"rendered":"<p><img fetchpriority=\"high\" decoding=\"async\" class=\"w-fit lg:w-full\" loading=\"eager\" src=\"https:\/\/www.europesays.com\/pt\/wp-content\/uploads\/2025\/08\/5383062_fe79ead2f4f3659.jpg\" title=\"Warner \/ Divulga\u00e7\u00e3o\" alt=\"Warner \/ Divulga\u00e7\u00e3o\" width=\"700\" height=\"477\"\/>Cena do filme &#8220;A Hora do Mal&#8221; (2025), escrito e dirigido por Zach Cregger.Warner \/ Divulga\u00e7\u00e3o<\/p>\n<p>Como as com\u00e9dias, os <a href=\"https:\/\/gauchazh.clicrbs.com.br\/colunistas\/ticiano-osorio\/noticia\/2025\/06\/os-13-melhores-filmes-para-ver-na-sexta-feira-13-segundo-os-leitores-da-coluna-cmbtk4rs200ei0151m6e520uw.html\" rel=\"nofollow noopener\" target=\"_blank\"><strong>filmes de terror<\/strong><\/a> se beneficiam do ambiente de uma sala de cinema. A <strong>escurid\u00e3o \u00e9 convidativa ao g\u00eanero,<\/strong> a tela grande amplifica a tens\u00e3o das cenas, <strong>o som alto torna qualquer farfalho um alerta de perigo.<\/strong><\/p>\n<p>Desde que os celulares estejam desligados, a experi\u00eancia pode ser realmente imersiva: <strong>a concentra\u00e7\u00e3o favorece o estado de p\u00e2nico e nos deixa mais suscet\u00edveis ao susto.<\/strong><\/p>\n<p>Simbolicamente, a sala de cinema tamb\u00e9m \u00e9 um lugar <strong>sem escapat\u00f3ria<\/strong>, o que combina com o tipo de trama projetada: <strong>n\u00e3o h\u00e1 como parar o filme para respirar e tomar f\u00f4lego.<\/strong><\/p>\n<p>E dentro de um cinema a gente tamb\u00e9m pode se contaminar, no bom sentido: <strong>d\u00e1 para sentir o nervosismo alheio<\/strong> diante de uma amea\u00e7a iminente ao protagonista ou da imprevisibilidade no rumo da hist\u00f3ria.\u00a0<\/p>\n<p><strong>O ru\u00eddo das poltronas denuncia a perturba\u00e7\u00e3o do espectador<\/strong> diante daquilo que v\u00ea \u2014 ou pior, n\u00e3o v\u00ea.\u00a0<\/p>\n<p><strong>E chega a ser uma coisa boa quando algu\u00e9m n\u00e3o consegue sufocar o seu medo e solta um gritinho.<\/strong> \u00c9 quase como um momento de comunh\u00e3o, um reconhecimento de que n\u00e3o estamos sozinhos, algu\u00e9m mais est\u00e1 enfrentando conosco o pavor.<\/p>\n<p>Dito tudo isso,<strong> f\u00e3s de terror tem um compromisso imperd\u00edvel a partir desta quinta-feira (7). <\/strong>Estreia nos cinemas <strong>A Hora do Mal<\/strong> (Weapons, 2025), novo filme do diretor e roteirista estadunidense <strong>Zach Cregger<\/strong>, 44 anos, o mesmo de <a href=\"https:\/\/gauchazh.clicrbs.com.br\/colunistas\/ticiano-osorio\/noticia\/2024\/05\/o-filme-de-terror-da-netflix-que-me-deixou-de-queixo-caido-clvp7q5ny01hg011wsky2798l.html\" rel=\"nofollow noopener\" target=\"_blank\"><strong>Noites Brutais<\/strong><\/a> (2022).<\/p>\n<p>Como em Noites Brutais, <strong>o segredo \u00e9 a alma do neg\u00f3cio<\/strong>. Quanto menos soubermos da trama, melhor. Portanto, pode ficar sossegado: <strong>aqui n\u00e3o haver\u00e1 spoiler.<\/strong> Da sinopse, s\u00f3 ser\u00e1 descrito o ponto de partida.<\/p>\n<p>A trama de &#8220;A Hora do Mal&#8221; (sem spoilers)<\/p>\n<p><img decoding=\"async\" class=\"w-fit lg:w-full\" loading=\"eager\" src=\"https:\/\/www.europesays.com\/pt\/wp-content\/uploads\/2025\/08\/5383065_a47caba8b4d1138.jpg\" title=\"Warner \/ Divulga\u00e7\u00e3o\" alt=\"Warner \/ Divulga\u00e7\u00e3o\" width=\"700\" height=\"477\"\/>Cena do filme &#8220;A Hora do Mal&#8221;, de Zach Cregger.Warner \/ Divulga\u00e7\u00e3o<\/p>\n<p>Uma narra\u00e7\u00e3o em off, em uma voz infantil, diz na abertura de <strong>A Hora do Mal<\/strong> que esta \u00e9 uma hist\u00f3ria real. Na cidadezinha de Maybrook, <strong>17 crian\u00e7as da mesma sala de aula acordaram no meio da madrugada<\/strong> \u2014 \u00e0s 2h17min, para ser preciso \u2014, sa\u00edram da cama, desceram as escadas, abriram a porta de casa e, sem dizer uma palavra e com os bra\u00e7os estendidos como asas, <strong>caminharam em dire\u00e7\u00e3o \u00e0 escurid\u00e3o para nunca mais voltarem<\/strong>.\u00a0<\/p>\n<p>Toda essa sequ\u00eancia \u00e9 embalada por <strong>Beware of Darkness <\/strong>(1970), can\u00e7\u00e3o de <a href=\"https:\/\/gauchazh.clicrbs.com.br\/colunistas\/ticiano-osorio\/noticia\/2025\/04\/conheca-o-elenco-dos-quatro-filmes-dos-beatles-cm8yf6q8200kk016xc0bb1fcc.html\" rel=\"nofollow noopener\" target=\"_blank\"><strong>George Harrison<\/strong><\/a> cujos versos pedem &#8220;cuidado com os depravados decadentes que aparecem a sua volta&#8221;, &#8220;cuidado com os pensamentos que ficam reomendo dentro da sua cabe\u00e7a&#8221;, &#8220;cuidado com os l\u00edderes gananciosos que o levam para onde voc\u00ea n\u00e3o deve ir&#8221;.<\/p>\n<p><img decoding=\"async\" class=\"w-fit lg:w-full\" loading=\"eager\" src=\"https:\/\/www.europesays.com\/pt\/wp-content\/uploads\/2025\/08\/5383060_fe1714d3b27d353.jpg\" title=\"Warner \/ Divulga\u00e7\u00e3o\" alt=\"Warner \/ Divulga\u00e7\u00e3o\" width=\"700\" height=\"477\"\/>Julia Garner interpreta a professora Justine em &#8220;A Hora do Mal&#8221;.Warner \/ Divulga\u00e7\u00e3o<\/p>\n<p>Tr\u00eas vezes premiada no Emmy de melhor atriz coadjuvante pela s\u00e9rie Ozark (2017-2022) e <a href=\"https:\/\/gauchazh.clicrbs.com.br\/colunistas\/ticiano-osorio\/noticia\/2025\/07\/o-filme-do-quarteto-fantastico-vai-muito-bem-ate-a-cena-pos-creditos-cmdhhkpil003b014wnk37c4lk.html\" rel=\"nofollow noopener\" target=\"_blank\"><strong>vista como a Surfista Prateada no filme do Quarteto Fant\u00e1stico<\/strong><\/a>, <strong>Julia Garner<\/strong> interpreta Justine, a professora da turma. Ao chegar ao trabalho, ela \u00e9 surpreendida pela aus\u00eancia em massa, mas tamb\u00e9m com <strong>uma presen\u00e7a solit\u00e1ria<\/strong>: o menino Alex Lilly (papel de <strong>Cary Christopher<\/strong>), \u00fanico aluno que n\u00e3o desapareceu.\u00a0<\/p>\n<p>A partir da\u00ed, a pol\u00edcia e a comunidade tentam descobrir o que aconteceu \u2014 <strong>muita gente acha que Justine \u00e9 c\u00famplice ou foi negligente<\/strong> \u2014 e encontrar as crian\u00e7as.<\/p>\n<p><img decoding=\"async\" class=\"w-fit lg:w-full\" loading=\"eager\" src=\"https:\/\/www.europesays.com\/pt\/wp-content\/uploads\/2025\/08\/5383066_dbe27e785735a0d.jpg\" title=\"Warner \/ Divulga\u00e7\u00e3o\" alt=\"Warner \/ Divulga\u00e7\u00e3o\" width=\"700\" height=\"477\"\/>Josh Brolin encarna Archer, pai de um aluno desaparecido, em &#8220;A Hora do Mal&#8221;.Warner \/ Divulga\u00e7\u00e3o<\/p>\n<p>&#8220;Nada evoca a viol\u00eancia armada e os piores medos dos pais como a vis\u00e3o de uma sala de aula vazia&#8221;, escreveu o cr\u00edtico estadunidense David Rooney no Hollywood Reporter. O t\u00edtulo original do filme, Weapons (em ingl\u00eas, armas), contribui para enxergar em A Hora do Mal uma <strong>alegoria para uma trag\u00e9dia cotidiana nos Estados Unidos: <\/strong><a href=\"https:\/\/gauchazh.clicrbs.com.br\/colunistas\/ticiano-osorio\/noticia\/2022\/06\/um-filme-muito-fraco-sobre-um-assunto-muito-forte-cl46zvxho000u0167ic4q1z3r.html\" rel=\"nofollow noopener\" target=\"_blank\"><strong>os ataques a tiros em escolas<\/strong><\/a>. &#8220;A hipocrisia de uma sociedade que busca continuamente bodes expiat\u00f3rios para atribuir culpas, enquanto se recusa a examinar seu pr\u00f3prio cora\u00e7\u00e3o sombrio, fornece uma apar\u00eancia de subtexto&#8221;, disse Rooney.\u00a0<\/p>\n<p>Mas, como o mesmo cr\u00edtico afirma, h\u00e1 <strong>pouca subst\u00e2ncia<\/strong> para sustentar essa associa\u00e7\u00e3o. O diretor e roteirista <strong>Zach Cregger <\/strong>parece <strong>menos interessado no discurso do que no engenho e no impacto <\/strong>\u2014 o que n\u00e3o desmerece seu filme. (Na verdade, tamb\u00e9m existe <strong>uma outra leitura sociopol\u00edtica <\/strong>que pode ser feita, mas da\u00ed ter\u00edamos de entrar no terreno dos spoilers).\u00a0<\/p>\n<p><img decoding=\"async\" class=\"w-fit lg:w-full\" loading=\"eager\" src=\"https:\/\/www.europesays.com\/pt\/wp-content\/uploads\/2025\/08\/5383063_ef84c025e583183.jpg\" title=\"Warner \/ Divulga\u00e7\u00e3o\" alt=\"Warner \/ Divulga\u00e7\u00e3o\" width=\"700\" height=\"477\"\/>O diretor Zach Cregger e a atriz Julia Garner nos bastidores de &#8220;A Hora do Mal&#8221;.Warner \/ Divulga\u00e7\u00e3o<\/p>\n<p>Como em Noites Brutais (2022), o cineasta exibe um <strong>baita talento para explorar os cen\u00e1rios e os cantos da imagem, criar uma atmosfera sinistra e reverter expectativas.<\/strong> N\u00e3o conseguimos antever o desenrolar da trama, e essa incerteza gostosa \u00e9 apimentada pela <strong>estrutura narrativa<\/strong>, que embaralha um pouco o tempo e faz girar uma s\u00e9rie de personagens.\u00a0<\/p>\n<p>Se no come\u00e7o Cregger mostra fatos pelo ponto de vista da Justine, depois ele acompanha um policial, Paul Morgan (interpretado por <a href=\"https:\/\/gauchazh.clicrbs.com.br\/colunistas\/ticiano-osorio\/noticia\/2023\/10\/o-melhor-filme-que-eu-vi-nas-ferias-clnsp14vt0005015yggkws8sy.html\" rel=\"nofollow noopener\" target=\"_blank\"><strong>Alden Ehrenreich<\/strong><\/a>), que investiga o caso ou retrata a busca de um pai, Archer Graff (<strong>Josh Brolin<\/strong>), pelo filho desaparecido.\u00a0<\/p>\n<p>Tamb\u00e9m como em Noites Brutais, a cada cap\u00edtulo de A Hora do Mal Zach Cregger, que \u00e9 egresso da trupe de com\u00e9dia The Whitest Kids U&#8217; Know, consegue o <strong>raro equil\u00edbrio<\/strong> entre provocar temor e provocar riso, sem que um anule o outro. Seu senso de humor pode aparecer \u2014e funcionar \u2014 mesmo nos momentos mais terr\u00edveis.<\/p>\n<p><strong>\u00c9 assinante mas ainda n\u00e3o recebe minha carta semanal exclusiva? <\/strong><a href=\"https:\/\/www.gauchazh.com.br\/newsletters\/?utm_source=gzh&amp;utm_medium=materia&amp;utm_campaign=gzh_engajamento&amp;utm_content=news_ticiano\" target=\"_blank\" rel=\"nofollow noopener\"><strong>Clique aqui<\/strong><\/a><strong> <\/strong>e se inscreva na newsletter.<\/p>\n<p><strong>J\u00e1 conhece o canal da coluna no WhatsApp?<\/strong> Clique aqui: <a href=\"https:\/\/www.whatsapp.com\/channel\/0029VaiyPtDJ3jv76u5u3m0X\" target=\"_blank\" title=\"https:\/\/www.whatsapp.com\/channel\/0029VaiyPtDJ3jv76u5u3m0X\" rel=\"nofollow noopener\"><strong>gzh.rs\/CanalTiciano<\/strong><\/a><\/p>\n","protected":false},"excerpt":{"rendered":"Cena do filme &#8220;A Hora do Mal&#8221; (2025), escrito e dirigido por Zach Cregger.Warner \/ Divulga\u00e7\u00e3o Como as&hellip;\n","protected":false},"author":2,"featured_media":19992,"comment_status":"","ping_status":"","sticky":false,"template":"","format":"standard","meta":{"footnotes":""},"categories":[140],"tags":[7324,114,115,147,148,146,32,33,1660],"class_list":{"0":"post-19991","1":"post","2":"type-post","3":"status-publish","4":"format-standard","5":"has-post-thumbnail","7":"category-filmes","8":"tag-divirta-se","9":"tag-entertainment","10":"tag-entretenimento","11":"tag-film","12":"tag-filmes","13":"tag-movies","14":"tag-portugal","15":"tag-pt","16":"tag-terror"},"share_on_mastodon":{"url":"","error":""},"_links":{"self":[{"href":"https:\/\/www.europesays.com\/pt\/wp-json\/wp\/v2\/posts\/19991","targetHints":{"allow":["GET"]}}],"collection":[{"href":"https:\/\/www.europesays.com\/pt\/wp-json\/wp\/v2\/posts"}],"about":[{"href":"https:\/\/www.europesays.com\/pt\/wp-json\/wp\/v2\/types\/post"}],"author":[{"embeddable":true,"href":"https:\/\/www.europesays.com\/pt\/wp-json\/wp\/v2\/users\/2"}],"replies":[{"embeddable":true,"href":"https:\/\/www.europesays.com\/pt\/wp-json\/wp\/v2\/comments?post=19991"}],"version-history":[{"count":0,"href":"https:\/\/www.europesays.com\/pt\/wp-json\/wp\/v2\/posts\/19991\/revisions"}],"wp:featuredmedia":[{"embeddable":true,"href":"https:\/\/www.europesays.com\/pt\/wp-json\/wp\/v2\/media\/19992"}],"wp:attachment":[{"href":"https:\/\/www.europesays.com\/pt\/wp-json\/wp\/v2\/media?parent=19991"}],"wp:term":[{"taxonomy":"category","embeddable":true,"href":"https:\/\/www.europesays.com\/pt\/wp-json\/wp\/v2\/categories?post=19991"},{"taxonomy":"post_tag","embeddable":true,"href":"https:\/\/www.europesays.com\/pt\/wp-json\/wp\/v2\/tags?post=19991"}],"curies":[{"name":"wp","href":"https:\/\/api.w.org\/{rel}","templated":true}]}}