{"id":199912,"date":"2025-12-23T16:01:11","date_gmt":"2025-12-23T16:01:11","guid":{"rendered":"https:\/\/www.europesays.com\/pt\/199912\/"},"modified":"2025-12-23T16:01:11","modified_gmt":"2025-12-23T16:01:11","slug":"daniela-melchior-aborda-retorno-incerto-da-caca-ratos-2-na-dc-studios-adoraria-voltar","status":"publish","type":"post","link":"https:\/\/www.europesays.com\/pt\/199912\/","title":{"rendered":"Daniela Melchior aborda retorno incerto da Ca\u00e7a-Ratos 2 na DC Studios: &#8220;Adoraria voltar&#8221;"},"content":{"rendered":"<p class=\"wp-block-yoast-seo-estimated-reading-time yoast-reading-time__wrapper\">Estimated reading time: 2 minutos<\/p>\n<p>Apesar de <a href=\"https:\/\/ovicio.com.br\/tag\/daniela-melchior\" rel=\"nofollow noopener\" target=\"_blank\">Daniela Melchior<\/a> ter sido um nome recorrente nos rumores envolvendo as escala\u00e7\u00f5es para a <a href=\"https:\/\/ovicio.com.br\/tag\/dc-studios\" target=\"_blank\" rel=\"noreferrer noopener nofollow\">DC Studios<\/a>, a atriz volta a afirmar que n\u00e3o faz ideia se reprisar\u00e1 a <strong>Ca\u00e7a-Ratos 2<\/strong> no novo universo.<\/p>\n<p>Enquanto trabalha em projetos paralelos fora do universo dos super-her\u00f3is, a estrela foi questionada em entrevista ao Screen Rant se poderia reprisar um dia a personagem de <a href=\"https:\/\/ovicio.com.br\/filme\/o-esquadrao-suicida\" target=\"_blank\" rel=\"noreferrer noopener nofollow\">O Esquadr\u00e3o Suicida (2021)<\/a>, dizendo:<\/p>\n<p><strong>&#8220;N\u00e3o sei. Adoraria voltar. Cresci muito como pessoa e como artista. Meu sotaque ainda \u00e9 carregado, mas n\u00e3o tanto quanto antes. Seria interessante ver se James Gunn gostaria de uma vers\u00e3o mais adulta da Ca\u00e7a-Ratos 2. Tento n\u00e3o pensar muito nisso para n\u00e3o ficar triste.&#8221;<\/strong><\/p>\n<p>At\u00e9 o momento, os \u00fanicos personagens de <strong>O Esquadr\u00e3o Suicida <\/strong>que migraram em tela para a nova fase da franquia de <a href=\"https:\/\/ovicio.com.br\/tag\/james-gunn\" target=\"_blank\" rel=\"noreferrer noopener nofollow\">James Gunn<\/a> foram o <strong>Pacificador<\/strong> (John Cena), <strong>Amanda Waller<\/strong> (Viola Davis),<strong> John Economos<\/strong> (Steve Agee), <strong>Emilia Harcourt <\/strong>(Jennifer Holland) e o<strong> Doninha <\/strong>(Sean Gunn).<\/p>\n<p>O co-CEO da <strong>DC Studios<\/strong>, entretanto, j\u00e1 deixou claro que pode voltar a abordar outras figuras do filme no futuro.<\/p>\n<p>O longa-metragem segue dispon\u00edvel no cat\u00e1logo da <a href=\"https:\/\/ovicio.com.br\/tag\/hbo-max\" target=\"_blank\" rel=\"noreferrer noopener nofollow\">HBO Max<\/a>, e at\u00e9 ent\u00e3o, planos para uma sequ\u00eancia parecem improv\u00e1veis.<\/p>\n<p>Leia mais sobre Daniela Melchior e a DC Studios:<\/p>\n<p><strong>Fonte:<\/strong> <a href=\"https:\/\/screenrant.com\/ratcatcher-dcu-return-daniela-melchior-response\/\" target=\"_blank\" rel=\"noreferrer noopener nofollow\">Screen Rant<\/a>.<\/p>\n","protected":false},"excerpt":{"rendered":"Estimated reading time: 2 minutos Apesar de Daniela Melchior ter sido um nome recorrente nos rumores envolvendo as&hellip;\n","protected":false},"author":2,"featured_media":199913,"comment_status":"","ping_status":"","sticky":false,"template":"","format":"standard","meta":{"footnotes":""},"categories":[140],"tags":[39880,37440,7319,114,115,147,148,1583,7320,146,38558,32,33],"class_list":{"0":"post-199912","1":"post","2":"type-post","3":"status-publish","4":"format-standard","5":"has-post-thumbnail","7":"category-filmes","8":"tag-caca-ratos","9":"tag-daniela-melchior","10":"tag-dc-studios","11":"tag-entertainment","12":"tag-entretenimento","13":"tag-film","14":"tag-filmes","15":"tag-hbo-max","16":"tag-james-gunn","17":"tag-movies","18":"tag-o-esquadrao-suicida","19":"tag-portugal","20":"tag-pt"},"share_on_mastodon":{"url":"","error":""},"_links":{"self":[{"href":"https:\/\/www.europesays.com\/pt\/wp-json\/wp\/v2\/posts\/199912","targetHints":{"allow":["GET"]}}],"collection":[{"href":"https:\/\/www.europesays.com\/pt\/wp-json\/wp\/v2\/posts"}],"about":[{"href":"https:\/\/www.europesays.com\/pt\/wp-json\/wp\/v2\/types\/post"}],"author":[{"embeddable":true,"href":"https:\/\/www.europesays.com\/pt\/wp-json\/wp\/v2\/users\/2"}],"replies":[{"embeddable":true,"href":"https:\/\/www.europesays.com\/pt\/wp-json\/wp\/v2\/comments?post=199912"}],"version-history":[{"count":0,"href":"https:\/\/www.europesays.com\/pt\/wp-json\/wp\/v2\/posts\/199912\/revisions"}],"wp:featuredmedia":[{"embeddable":true,"href":"https:\/\/www.europesays.com\/pt\/wp-json\/wp\/v2\/media\/199913"}],"wp:attachment":[{"href":"https:\/\/www.europesays.com\/pt\/wp-json\/wp\/v2\/media?parent=199912"}],"wp:term":[{"taxonomy":"category","embeddable":true,"href":"https:\/\/www.europesays.com\/pt\/wp-json\/wp\/v2\/categories?post=199912"},{"taxonomy":"post_tag","embeddable":true,"href":"https:\/\/www.europesays.com\/pt\/wp-json\/wp\/v2\/tags?post=199912"}],"curies":[{"name":"wp","href":"https:\/\/api.w.org\/{rel}","templated":true}]}}