{"id":199918,"date":"2025-12-23T16:04:08","date_gmt":"2025-12-23T16:04:08","guid":{"rendered":"https:\/\/www.europesays.com\/pt\/199918\/"},"modified":"2025-12-23T16:04:08","modified_gmt":"2025-12-23T16:04:08","slug":"joaquim-monchique-teve-alta-hospitalar-apos-ter-sofrido-avc","status":"publish","type":"post","link":"https:\/\/www.europesays.com\/pt\/199918\/","title":{"rendered":"Joaquim Monchique teve alta hospitalar ap\u00f3s ter sofrido AVC"},"content":{"rendered":"<p data-remotead-prev-elm=\"true\" data-remotead-elm-id=\"inread\">Ap\u00f3s um epis\u00f3dio de AVC no s\u00e1bado passado, Joaquim Monchique j\u00e1 teve alta e encontra-se neste momento com a sua situa\u00e7\u00e3o de sa\u00fade est\u00e1vel&#8221;, refere a produtora do espet\u00e1culo &#8220;Lar Doce Lar&#8221;, de cujo elenco o ator faz parte, num comunicado hoje divulgado.<\/p>\n<p>Joaquim Monchique sentiu-se mal no s\u00e1bado, ap\u00f3s a apresenta\u00e7\u00e3o do espet\u00e1culo &#8220;Lar Doce Lar&#8221;, no Teatro Municipal de Bragan\u00e7a.<\/p>\n<p>A produtora refere que o ator, que agradece &#8220;a todos os que demonstraram a sua preocupa\u00e7\u00e3o e carinho&#8221;, &#8220;em breve estar\u00e1 nos palcos novamente&#8221;.<\/p>\n<p data-remotead-prev-elm=\"true\" data-remotead-elm-id=\"centro1\">A com\u00e9dia &#8220;Lar doce lar&#8221;, que juntou pela primeira vez em palco os atores Joaquim Monchique e Maria Rueff, estreou-se originalmente em 2012, regressando depois a palco em 2015 e 2022, tendo estado v\u00e1rios meses em cena em Lisboa, seguindo-se temporadas no Porto e apresenta\u00e7\u00f5es em v\u00e1rias localidades portuguesas.<\/p>\n<p>De acordo com sinopse da pe\u00e7a, duas idosas que partilham um quarto na Resid\u00eancia S\u00e9nior Ant\u00farios Dourados entram em competi\u00e7\u00e3o com vista a conseguirem um quarto particular, ap\u00f3s a morte da sua anterior ocupante.<\/p>\n<p>No espet\u00e1culo, Maria Rueff e Joaquim Monchique desdobram-se em m\u00faltiplas personagens.<\/p>\n<p>Com encena\u00e7\u00e3o de Ant\u00f3nio Pires, o texto da pe\u00e7a foi escrito a partir de &#8220;O Que Importa \u00c9 Que Sejam Felizes!&#8221;, de Lu\u00edsa Costa Gomes.<\/p>\n","protected":false},"excerpt":{"rendered":"Ap\u00f3s um epis\u00f3dio de AVC no s\u00e1bado passado, Joaquim Monchique j\u00e1 teve alta e encontra-se neste momento com&hellip;\n","protected":false},"author":2,"featured_media":199919,"comment_status":"","ping_status":"","sticky":false,"template":"","format":"standard","meta":{"footnotes":""},"categories":[85],"tags":[1244,1493,114,115,39455,32,33],"class_list":{"0":"post-199918","1":"post","2":"type-post","3":"status-publish","4":"format-standard","5":"has-post-thumbnail","7":"category-entretenimento","8":"tag-ator","9":"tag-avc","10":"tag-entertainment","11":"tag-entretenimento","12":"tag-joaquim-monchique","13":"tag-portugal","14":"tag-pt"},"share_on_mastodon":{"url":"https:\/\/pubeurope.com\/@pt\/115769734821351745","error":""},"_links":{"self":[{"href":"https:\/\/www.europesays.com\/pt\/wp-json\/wp\/v2\/posts\/199918","targetHints":{"allow":["GET"]}}],"collection":[{"href":"https:\/\/www.europesays.com\/pt\/wp-json\/wp\/v2\/posts"}],"about":[{"href":"https:\/\/www.europesays.com\/pt\/wp-json\/wp\/v2\/types\/post"}],"author":[{"embeddable":true,"href":"https:\/\/www.europesays.com\/pt\/wp-json\/wp\/v2\/users\/2"}],"replies":[{"embeddable":true,"href":"https:\/\/www.europesays.com\/pt\/wp-json\/wp\/v2\/comments?post=199918"}],"version-history":[{"count":0,"href":"https:\/\/www.europesays.com\/pt\/wp-json\/wp\/v2\/posts\/199918\/revisions"}],"wp:featuredmedia":[{"embeddable":true,"href":"https:\/\/www.europesays.com\/pt\/wp-json\/wp\/v2\/media\/199919"}],"wp:attachment":[{"href":"https:\/\/www.europesays.com\/pt\/wp-json\/wp\/v2\/media?parent=199918"}],"wp:term":[{"taxonomy":"category","embeddable":true,"href":"https:\/\/www.europesays.com\/pt\/wp-json\/wp\/v2\/categories?post=199918"},{"taxonomy":"post_tag","embeddable":true,"href":"https:\/\/www.europesays.com\/pt\/wp-json\/wp\/v2\/tags?post=199918"}],"curies":[{"name":"wp","href":"https:\/\/api.w.org\/{rel}","templated":true}]}}