{"id":199927,"date":"2025-12-23T16:09:16","date_gmt":"2025-12-23T16:09:16","guid":{"rendered":"https:\/\/www.europesays.com\/pt\/199927\/"},"modified":"2025-12-23T16:09:16","modified_gmt":"2025-12-23T16:09:16","slug":"extremo-brasileiro-de-jorge-jesus-em-conversacoes-com-o-benfica","status":"publish","type":"post","link":"https:\/\/www.europesays.com\/pt\/199927\/","title":{"rendered":"Extremo brasileiro de Jorge Jesus em conversa\u00e7\u00f5es com o Benfica"},"content":{"rendered":"<p>O Benfica tem conversa\u00e7\u00f5es em andamento com o Al Nassr para contratar o jovem extremo brasileiro Wesley, dos sauditas do Al Nassr, sabe o <strong>Maisfutebol<\/strong>.<\/p>\n<p>Os moldes do eventual acordo ainda est\u00e3o em discuss\u00e3o, mas Jorge Jesus j\u00e1 deu o aval para a sa\u00edda do jogador, visto que necessita abrir uma vaga de estrangeiro no plantel do emblema de Riade.<\/p>\n<p>Formado no Corinthians, o extremo de 20 anos chegou ao futebol da Ar\u00e1bia Saudita na temporada passada, a troco de aproximadamente 20 milh\u00f5es de euros, e atualmente \u00e9 reserva na equipa dirigida por JJ.<\/p>\n<p>Alvo recente tamb\u00e9m do Sporting, Wesley tem contrato com o Al Nassr at\u00e9 junho de 2028.<\/p>\n<p><strong>LEIA MAIS:\u00a0<a href=\"https:\/\/maisfutebol.iol.pt\/cronologia\/6373897a0cf2254fb2824fe4\" target=\"_blank\" wbo-id=\"179\" rel=\"nofollow noopener\">tudo sobre o mercado de transfer\u00eancias<\/a><\/strong><\/p>\n","protected":false},"excerpt":{"rendered":"O Benfica tem conversa\u00e7\u00f5es em andamento com o Al Nassr para contratar o jovem extremo brasileiro Wesley, dos&hellip;\n","protected":false},"author":2,"featured_media":199928,"comment_status":"","ping_status":"","sticky":false,"template":"","format":"standard","meta":{"footnotes":""},"categories":[8],"tags":[685,51,27,28,15,16,14,25,26,21,22,46,3589,41,12,13,19,20,32,23,24,33,47,17,18,35,29,30,31,21912],"class_list":{"0":"post-199927","1":"post","2":"type-post","3":"status-publish","4":"format-standard","5":"has-post-thumbnail","7":"category-principais-noticias","8":"tag-al-nassr","9":"tag-benfica","10":"tag-breaking-news","11":"tag-breakingnews","12":"tag-featured-news","13":"tag-featurednews","14":"tag-headlines","15":"tag-latest-news","16":"tag-latestnews","17":"tag-main-news","18":"tag-mainnews","19":"tag-maisfutebol","20":"tag-mercado-benfica","21":"tag-mercado-de-transferencias","22":"tag-news","23":"tag-noticias","24":"tag-noticias-principais","25":"tag-noticiasprincipais","26":"tag-portugal","27":"tag-principais-noticias","28":"tag-principaisnoticias","29":"tag-pt","30":"tag-pura-paixao","31":"tag-top-stories","32":"tag-topstories","33":"tag-transferencias","34":"tag-ultimas","35":"tag-ultimas-noticias","36":"tag-ultimasnoticias","37":"tag-wesley"},"share_on_mastodon":{"url":"https:\/\/pubeurope.com\/@pt\/115769754579644270","error":""},"_links":{"self":[{"href":"https:\/\/www.europesays.com\/pt\/wp-json\/wp\/v2\/posts\/199927","targetHints":{"allow":["GET"]}}],"collection":[{"href":"https:\/\/www.europesays.com\/pt\/wp-json\/wp\/v2\/posts"}],"about":[{"href":"https:\/\/www.europesays.com\/pt\/wp-json\/wp\/v2\/types\/post"}],"author":[{"embeddable":true,"href":"https:\/\/www.europesays.com\/pt\/wp-json\/wp\/v2\/users\/2"}],"replies":[{"embeddable":true,"href":"https:\/\/www.europesays.com\/pt\/wp-json\/wp\/v2\/comments?post=199927"}],"version-history":[{"count":0,"href":"https:\/\/www.europesays.com\/pt\/wp-json\/wp\/v2\/posts\/199927\/revisions"}],"wp:featuredmedia":[{"embeddable":true,"href":"https:\/\/www.europesays.com\/pt\/wp-json\/wp\/v2\/media\/199928"}],"wp:attachment":[{"href":"https:\/\/www.europesays.com\/pt\/wp-json\/wp\/v2\/media?parent=199927"}],"wp:term":[{"taxonomy":"category","embeddable":true,"href":"https:\/\/www.europesays.com\/pt\/wp-json\/wp\/v2\/categories?post=199927"},{"taxonomy":"post_tag","embeddable":true,"href":"https:\/\/www.europesays.com\/pt\/wp-json\/wp\/v2\/tags?post=199927"}],"curies":[{"name":"wp","href":"https:\/\/api.w.org\/{rel}","templated":true}]}}