{"id":199929,"date":"2025-12-23T16:10:12","date_gmt":"2025-12-23T16:10:12","guid":{"rendered":"https:\/\/www.europesays.com\/pt\/199929\/"},"modified":"2025-12-23T16:10:12","modified_gmt":"2025-12-23T16:10:12","slug":"surpresa-luiza-abreu-e-joao-moura-caetano-vao-ser-pais","status":"publish","type":"post","link":"https:\/\/www.europesays.com\/pt\/199929\/","title":{"rendered":"Surpresa! Lu\u00edza Abreu e Jo\u00e3o Moura Caetano v\u00e3o ser pais"},"content":{"rendered":"<p><a href=\"https:\/\/selfie.iol.pt\/famosos\/luiza-abreu\/luiza-abreu-planeia-passar-o-natal-com-joao-moura-caetano-conheca-todos-os-planos\/20251202\/692f0fe2d34e3caad84bf06c\" target=\"_blank\" rel=\"nofollow noopener\">Lu\u00edza Abreu e Jo\u00e3o Moura Caetano<\/a> est\u00e3o \u00e0 espera do nascimento do primeiro filho em comum.<\/p>\n<p>&#8220;Podemos afirmar por uma fonte muito pr\u00f3xima do casal. Ser\u00e3o pap\u00e1s em 2026&#8221;, adiantou Adriano Silva Martins, no programa &#8220;V+ Fama&#8221;, do V+, que foi para o ar na manh\u00e3 desta ter\u00e7a-feira, dia 23.<\/p>\n<p>&#8220;Fecham com chave de ouro 2025&#8221;, rematou o apresentador.<\/p>\n<p>Recorde-se que o toureiro j\u00e1 \u00e9 pai de Ant\u00f3nio, de 10 anos, fruto de uma rela\u00e7\u00e3o anterior.<\/p>\n","protected":false},"excerpt":{"rendered":"Lu\u00edza Abreu e Jo\u00e3o Moura Caetano est\u00e3o \u00e0 espera do nascimento do primeiro filho em comum. &#8220;Podemos afirmar&hellip;\n","protected":false},"author":2,"featured_media":199930,"comment_status":"","ping_status":"","sticky":false,"template":"","format":"standard","meta":{"footnotes":""},"categories":[145],"tags":[211,210,114,115,980,1041,1402,841,619,32,33,1012,8560],"class_list":{"0":"post-199929","1":"post","2":"type-post","3":"status-publish","4":"format-standard","5":"has-post-thumbnail","7":"category-celebridades","8":"tag-celebridades","9":"tag-celebrities","10":"tag-entertainment","11":"tag-entretenimento","12":"tag-famosos","13":"tag-gravidez","14":"tag-joao-moura-caetano","15":"tag-luiza-abreu","16":"tag-nacional","17":"tag-portugal","18":"tag-pt","19":"tag-selfie","20":"tag-vmais-fama"},"share_on_mastodon":{"url":"https:\/\/pubeurope.com\/@pt\/115769758400222431","error":""},"_links":{"self":[{"href":"https:\/\/www.europesays.com\/pt\/wp-json\/wp\/v2\/posts\/199929","targetHints":{"allow":["GET"]}}],"collection":[{"href":"https:\/\/www.europesays.com\/pt\/wp-json\/wp\/v2\/posts"}],"about":[{"href":"https:\/\/www.europesays.com\/pt\/wp-json\/wp\/v2\/types\/post"}],"author":[{"embeddable":true,"href":"https:\/\/www.europesays.com\/pt\/wp-json\/wp\/v2\/users\/2"}],"replies":[{"embeddable":true,"href":"https:\/\/www.europesays.com\/pt\/wp-json\/wp\/v2\/comments?post=199929"}],"version-history":[{"count":0,"href":"https:\/\/www.europesays.com\/pt\/wp-json\/wp\/v2\/posts\/199929\/revisions"}],"wp:featuredmedia":[{"embeddable":true,"href":"https:\/\/www.europesays.com\/pt\/wp-json\/wp\/v2\/media\/199930"}],"wp:attachment":[{"href":"https:\/\/www.europesays.com\/pt\/wp-json\/wp\/v2\/media?parent=199929"}],"wp:term":[{"taxonomy":"category","embeddable":true,"href":"https:\/\/www.europesays.com\/pt\/wp-json\/wp\/v2\/categories?post=199929"},{"taxonomy":"post_tag","embeddable":true,"href":"https:\/\/www.europesays.com\/pt\/wp-json\/wp\/v2\/tags?post=199929"}],"curies":[{"name":"wp","href":"https:\/\/api.w.org\/{rel}","templated":true}]}}