{"id":199931,"date":"2025-12-23T16:13:32","date_gmt":"2025-12-23T16:13:32","guid":{"rendered":"https:\/\/www.europesays.com\/pt\/199931\/"},"modified":"2025-12-23T16:13:32","modified_gmt":"2025-12-23T16:13:32","slug":"poucos-repararam-mas-a-presenca-desta-pessoa-na-gala-do-secret-story-deixou-fabio-a-tremer-dois-as-10","status":"publish","type":"post","link":"https:\/\/www.europesays.com\/pt\/199931\/","title":{"rendered":"Poucos repararam, mas a presen\u00e7a desta pessoa na Gala do \u00abSecret Story\u00bb deixou F\u00e1bio a tremer &#8211; Dois \u00e0s 10"},"content":{"rendered":"<p>                        Um momento de grande emo\u00e7\u00e3o vivido logo ap\u00f3s a expuls\u00e3o do \u00abSecret Story\u00bb.<\/p>\n<p data-end=\"385\" data-start=\"66\">A chegada de F\u00e1bio ao est\u00fadio do<strong> Secret Story<\/strong>, ap\u00f3s a sua expuls\u00e3o, foi marcada por uma emo\u00e7\u00e3o dif\u00edcil de esconder. Logo no in\u00edcio da conversa, Cristina Ferreira fez quest\u00e3o de revelar um pormenor que n\u00e3o passou despercebido a quem estava mais atento: o ex-concorrente estava visivelmente nervoso, ao ponto de tremer.<\/p>\n<p data-end=\"732\" data-start=\"387\">O momento tornou-se ainda mais intenso quando F\u00e1bio se apercebeu da presen\u00e7a da fam\u00edlia em est\u00fadio. O reencontro teve um significado especial, sobretudo por causa do irm\u00e3o, que vive nos A\u00e7ores e que F\u00e1bio ainda n\u00e3o tinha conseguido ver ao longo deste ano. Uma presen\u00e7a discreta, mas carregada de emo\u00e7\u00e3o, que acabou por desarmar o ex-concorrente.<\/p>\n<p data-end=\"972\" data-start=\"734\">Sem conseguir esconder o nervosismo, F\u00e1bio confessou: <strong>\u00abEstar a v\u00ea-lo ali j\u00e1 me est\u00e1 a fazer uma comich\u00e3ozinha\u00bb<\/strong>, deixando claro o impacto que aquele reencontro estava a ter em si, depois de meses de isolamento na casa mais vigiada do Pa\u00eds.<\/p>\n<p data-end=\"1247\" data-is-last-node=\"\" data-is-only-node=\"\" data-start=\"974\">Agora, longe do jogo e das tens\u00f5es do Secret Story, F\u00e1bio garante que os pr\u00f3ximos dias ser\u00e3o dedicados ao essencial. Os planos passam por aproveitar o Natal, descansar e, acima de tudo, estar junto da fam\u00edlia, recuperando o tempo perdido longe de quem lhe \u00e9 mais pr\u00f3ximo.<\/p>\n","protected":false},"excerpt":{"rendered":"Um momento de grande emo\u00e7\u00e3o vivido logo ap\u00f3s a expuls\u00e3o do \u00abSecret Story\u00bb. A chegada de F\u00e1bio ao&hellip;\n","protected":false},"author":2,"featured_media":199932,"comment_status":"","ping_status":"","sticky":false,"template":"","format":"standard","meta":{"footnotes":""},"categories":[142],"tags":[329,166,3412,3406,3409,801,3410,3411,3407,3408,114,115,19082,19016,3413,338,32,33,1014,1315,151],"class_list":{"0":"post-199931","1":"post","2":"type-post","3":"status-publish","4":"format-standard","5":"has-post-thumbnail","7":"category-tv","8":"tag-claudio-ramos","9":"tag-cristina-ferreira","10":"tag-dois-10","11":"tag-dois-a-s-10-dois-a-s-10","12":"tag-dois-a-s-dez","13":"tag-dois-as-10","14":"tag-dois-as-dez","15":"tag-dois-dez","16":"tag-doisas10","17":"tag-doisasdez","18":"tag-entertainment","19":"tag-entretenimento","20":"tag-fabio","21":"tag-liliana","22":"tag-manha-tvi","23":"tag-maria-botelho-moniz","24":"tag-portugal","25":"tag-pt","26":"tag-reality-show","27":"tag-secret-story","28":"tag-tv"},"share_on_mastodon":{"url":"https:\/\/pubeurope.com\/@pt\/115769770198628502","error":""},"_links":{"self":[{"href":"https:\/\/www.europesays.com\/pt\/wp-json\/wp\/v2\/posts\/199931","targetHints":{"allow":["GET"]}}],"collection":[{"href":"https:\/\/www.europesays.com\/pt\/wp-json\/wp\/v2\/posts"}],"about":[{"href":"https:\/\/www.europesays.com\/pt\/wp-json\/wp\/v2\/types\/post"}],"author":[{"embeddable":true,"href":"https:\/\/www.europesays.com\/pt\/wp-json\/wp\/v2\/users\/2"}],"replies":[{"embeddable":true,"href":"https:\/\/www.europesays.com\/pt\/wp-json\/wp\/v2\/comments?post=199931"}],"version-history":[{"count":0,"href":"https:\/\/www.europesays.com\/pt\/wp-json\/wp\/v2\/posts\/199931\/revisions"}],"wp:featuredmedia":[{"embeddable":true,"href":"https:\/\/www.europesays.com\/pt\/wp-json\/wp\/v2\/media\/199932"}],"wp:attachment":[{"href":"https:\/\/www.europesays.com\/pt\/wp-json\/wp\/v2\/media?parent=199931"}],"wp:term":[{"taxonomy":"category","embeddable":true,"href":"https:\/\/www.europesays.com\/pt\/wp-json\/wp\/v2\/categories?post=199931"},{"taxonomy":"post_tag","embeddable":true,"href":"https:\/\/www.europesays.com\/pt\/wp-json\/wp\/v2\/tags?post=199931"}],"curies":[{"name":"wp","href":"https:\/\/api.w.org\/{rel}","templated":true}]}}