{"id":199942,"date":"2025-12-23T16:20:40","date_gmt":"2025-12-23T16:20:40","guid":{"rendered":"https:\/\/www.europesays.com\/pt\/199942\/"},"modified":"2025-12-23T16:20:40","modified_gmt":"2025-12-23T16:20:40","slug":"conheca-este-beneficio-que-agora-e-transversal-a-toda-a-gama","status":"publish","type":"post","link":"https:\/\/www.europesays.com\/pt\/199942\/","title":{"rendered":"conhe\u00e7a este benef\u00edcio que agora \u00e9 transversal a toda a gama"},"content":{"rendered":"<p>A BYD refor\u00e7ou recentemente o seu compromisso com a mobilidade eletrificada ao incluir manuten\u00e7\u00e3o programada em toda a sua gama de ve\u00edculos vendidos em Portugal. Esta iniciativa, v\u00e1lida tanto para os modelos 100% el\u00e9tricos como para os Super H\u00edbridos Plug-in, simplifica a vida do utilizador, aumenta a confian\u00e7a na marca e reduz os custos de propriedade durante os primeiros anos.<\/p>\n<p style=\"text-align: center;\"><a target=\"_blank\" href=\"https:\/\/pplware.sapo.pt\/wp-content\/uploads\/2025\/05\/byd_vendas00.webp\" rel=\"nofollow noopener\"><img fetchpriority=\"high\" decoding=\"async\" src=\"https:\/\/www.europesays.com\/pt\/wp-content\/uploads\/2025\/12\/byd_vendas00-1024x576.webp.webp\" alt=\"\" width=\"720\" height=\"405\" class=\"alignnone size-large wp-image-1056712\"  \/><\/a><\/p>\n<p>A import\u00e2ncia da manuten\u00e7\u00e3o na era da eletrifica\u00e7\u00e3o<\/p>\n<p>\u00c0 medida que os ve\u00edculos el\u00e9tricos (EV) e h\u00edbridos plug-in (PHEV) se tornam mais sofisticados, <strong>a manuten\u00e7\u00e3o ganha um novo significado<\/strong>. Hoje, cuidar de um ve\u00edculo de nova energia implica assegurar a integridade da bateria, dos sistemas de gest\u00e3o eletr\u00f3nica e dos softwares que comandam motor, efici\u00eancia e seguran\u00e7a.<\/p>\n<p>Se por um lado estes ve\u00edculos t\u00eam menos pe\u00e7as m\u00f3veis e, portanto, menos manuten\u00e7\u00e3o mec\u00e2nica tradicional, <strong>por outro exigem cuidados e diagn\u00f3sticos mais espec\u00edficos<\/strong>.<\/p>\n<p>Para muitos compradores, sobretudo aqueles que fazem a transi\u00e7\u00e3o pela primeira vez para um ve\u00edculo el\u00e9trico ou h\u00edbrido, <strong>existe uma ansiedade natural<\/strong>: quanto custa manter um carro destes? A assist\u00eancia t\u00e9cnica \u00e9 realmente especializada? E se surgir um problema com a bateria?<\/p>\n<p>Ao incluir a manuten\u00e7\u00e3o programada <a target=\"_blank\" href=\"https:\/\/www.byd-auto.pt\/noticias\/byd-anuncia-manutencao-incluida-gama\" rel=\"nofollow noopener\">em toda a gama<\/a>, a BYD elimina estas incertezas e coloca um &#8220;selo de tranquilidade&#8221; no processo de compra &#8211; <strong>uma vantagem imediata para qualquer propriet\u00e1rio<\/strong>.<\/p>\n<p style=\"text-align: center;\"><a target=\"_blank\" href=\"https:\/\/pplware.sapo.pt\/wp-content\/uploads\/2025\/03\/super_e-platform_byd_00.webp\" rel=\"nofollow noopener\"><img loading=\"lazy\" decoding=\"async\" src=\"https:\/\/www.europesays.com\/pt\/wp-content\/uploads\/2025\/12\/super_e-platform_byd_00-1024x577.webp.webp\" alt=\"\" width=\"720\" height=\"406\" class=\"alignnone size-large wp-image-1048090\"  \/><\/a><\/p>\n<p>O que significa ter Manuten\u00e7\u00e3o Programada inclu\u00edda na BYD<\/p>\n<p>Segundo a comunica\u00e7\u00e3o oficial da marca em Portugal, a manuten\u00e7\u00e3o programada passa agora a estar inclu\u00edda em:<\/p>\n<ul>\n<li>Todos os modelos 100% el\u00e9tricos (EV) &#8211; com cobertura at\u00e9 4 anos ou 60.000 km (o que ocorrer primeiro).<\/li>\n<li>Todos os Super H\u00edbridos Plug-in (PHEV\/<a target=\"_blank\" href=\"https:\/\/pplware.sapo.pt\/motores\/super-hibridos-plug-in-byd-com-dm-i-o-que-torna-esta-tecnologia-tao-poderosa\/\" rel=\"nofollow noopener\">tecnologia DM-i<\/a>) &#8211; com cobertura at\u00e9 2 anos ou 30.000 km.<\/li>\n<\/ul>\n<p>Este benef\u00edcio abrange os servi\u00e7os previstos no plano de manuten\u00e7\u00e3o definido pela BYD, garantindo que cada revis\u00e3o \u00e9 realizada de acordo com os padr\u00f5es de qualidade e seguran\u00e7a da marca. A Manuten\u00e7\u00e3o Programada <a target=\"_blank\" href=\"https:\/\/www.byd-auto.pt\/campanhas\/manutencao-incluida\" rel=\"nofollow noopener\">cobre<\/a>:<\/p>\n<p><strong>1\ufe0f\u20e3 100% el\u00e9tricos<\/strong><\/p>\n<ul>\n<li>1.\u00aa manuten\u00e7\u00e3o\n<ul>\n<li>Substitui\u00e7\u00e3o do l\u00edquido de arrefecimento da bateria de alta tens\u00e3o (apenas no TANG 2021 e ETP3);<\/li>\n<li>Substitui\u00e7\u00e3o do \u00f3leo da transmiss\u00e3o;<\/li>\n<li>Substitui\u00e7\u00e3o do filtro do habit\u00e1culo;<\/li>\n<li>Substitui\u00e7\u00e3o do fluido dos trav\u00f5es.<\/li>\n<\/ul>\n<\/li>\n<li>2.\u00aa manuten\u00e7\u00e3o\n<ul>\n<li>Substitui\u00e7\u00e3o do \u00f3leo da transmiss\u00e3o;<\/li>\n<li>Substitui\u00e7\u00e3o do filtro do habit\u00e1culo;<\/li>\n<li>Substitui\u00e7\u00e3o do fluido dos trav\u00f5es.<\/li>\n<\/ul>\n<\/li>\n<\/ul>\n<p><strong>2\ufe0f\u20e3 Super H\u00edbridos Plug-in<\/strong><\/p>\n<ul>\n<li>1.\u00aa manuten\u00e7\u00e3o\n<ul>\n<li>Substitui\u00e7\u00e3o do filtro do ar do motor de combust\u00e3o;<\/li>\n<li>Substitui\u00e7\u00e3o do \u00f3leo e filtro do \u00f3leo do motor de combust\u00e3o.<\/li>\n<\/ul>\n<\/li>\n<li>2.\u00aa manuten\u00e7\u00e3o\n<ul>\n<li>Substitui\u00e7\u00e3o do filtro do habit\u00e1culo;<\/li>\n<li>Substitui\u00e7\u00e3o do flu\u00eddo de trav\u00f5es;<\/li>\n<li>Substitui\u00e7\u00e3o do filtro do ar do motor de combust\u00e3o;<\/li>\n<li>Substitui\u00e7\u00e3o do \u00f3leo e filtro do \u00f3leo do motor de combust\u00e3o;<\/li>\n<li>Substitui\u00e7\u00e3o do filtro de combust\u00edvel;<\/li>\n<li>Substitui\u00e7\u00e3o do filtro do canister.<\/li>\n<\/ul>\n<\/li>\n<\/ul>\n<p>Os servi\u00e7os s\u00e3o realizados exclusivamente em oficinas autorizadas BYD, garantindo n\u00e3o apenas a conformidade com os padr\u00f5es t\u00e9cnicos da marca, <strong>mas tamb\u00e9m a manuten\u00e7\u00e3o da garantia e da integridade dos sistemas el\u00e9tricos<\/strong>.<\/p>\n<p style=\"text-align: center;\"><a target=\"_blank\" href=\"https:\/\/pplware.sapo.pt\/wp-content\/uploads\/2024\/10\/byd_seal-4.jpg\" onclick=\"refreshIframe()\" class=\"foobox\" rel=\"nofollow noopener\"><img loading=\"lazy\" decoding=\"async\" src=\"https:\/\/www.europesays.com\/pt\/wp-content\/uploads\/2025\/12\/byd_seal-4-1024x576.jpg\" alt=\"BYD\" width=\"720\" height=\"405\" class=\"alignnone size-large wp-image-1019380\"  \/><\/a><\/p>\n<p>Porqu\u00ea esta iniciativa? A vis\u00e3o por detr\u00e1s da estrat\u00e9gia da BYD<\/p>\n<p>A BYD n\u00e3o est\u00e1 apenas a adicionar um benef\u00edcio ao cliente &#8211; est\u00e1 a refor\u00e7ar uma estrat\u00e9gia global que acompanha a r\u00e1pida expans\u00e3o da marca na Europa e, em particular, em Portugal. <strong>H\u00e1 v\u00e1rios motivos s\u00f3lidos por detr\u00e1s desta decis\u00e3o<\/strong>.<\/p>\n<p><strong>1\ufe0f\u20e3 Facilitar a transi\u00e7\u00e3o para a mobilidade el\u00e9trica<\/strong><\/p>\n<p>A principal barreira psicol\u00f3gica para quem muda de um ve\u00edculo convencional para um EV ou PHEV \u00e9, muitas vezes, o desconhecimento. A manuten\u00e7\u00e3o inclu\u00edda reduz drasticamente a complexidade percebida e transmite a mensagem: &#8220;N\u00e3o tens de te preocupar &#8211; n\u00f3s tratamos disso&#8221;.<\/p>\n<p><strong>2\ufe0f\u20e3 Refor\u00e7ar a confian\u00e7a na tecnologia<\/strong><\/p>\n<p>A BYD possui algumas das tecnologias mais avan\u00e7adas do setor &#8211; como a Blade Battery, a <a target=\"_blank\" href=\"https:\/\/pplware.sapo.pt\/motores\/conheca-a-e-platform-3-0-o-coracao-cada-vez-mais-integrado-dos-eletricos-da-byd\/\" rel=\"nofollow noopener\">e-Platform 3.0<\/a> e a tecnologia DM-i. Ao assumir a responsabilidade pela manuten\u00e7\u00e3o durante os primeiros anos, a marca demonstra confian\u00e7a absoluta na sua durabilidade.<\/p>\n<p><strong>3\ufe0f\u20e3 Reduzir o custo total de propriedade<\/strong><\/p>\n<p>No universo da mobilidade el\u00e9trica, o Total Cost of Ownership (TCO) tornou-se um fator decisivo. A manuten\u00e7\u00e3o inclu\u00edda reduz custos e d\u00e1 ao consumidor previsibilidade financeira, algo especialmente valorizado num contexto de infla\u00e7\u00e3o e aumento do pre\u00e7o dos servi\u00e7os.<\/p>\n<p><strong>4\ufe0f\u20e3 Valorizar o ve\u00edculo no mercado de usados<\/strong><\/p>\n<p>Um autom\u00f3vel que cumpriu sempre o plano de manuten\u00e7\u00e3o autorizado pela marca \u00e9 naturalmente mais valorizado no mercado de usados. Esta iniciativa tende, por isso, a aumentar o valor residual de toda a gama BYD.<\/p>\n<p style=\"text-align: center;\"><a target=\"_blank\" href=\"https:\/\/pplware.sapo.pt\/wp-content\/uploads\/2024\/03\/carro_eletrico_byd_seal-21.jpg\" onclick=\"refreshIframe()\" class=\"foobox\" rel=\"nofollow noopener\"><img loading=\"lazy\" decoding=\"async\" src=\"https:\/\/www.europesays.com\/pt\/wp-content\/uploads\/2025\/12\/carro_eletrico_byd_seal-21-1024x576.jpg\" alt=\"BYD\" width=\"720\" height=\"405\" class=\"alignnone size-large wp-image-981780\"  \/><\/a><\/p>\n<p>O que a Manuten\u00e7\u00e3o Programada n\u00e3o inclui\u00a0 &#8211; transpar\u00eancia acima de tudo<\/p>\n<p>Apesar dos enormes benef\u00edcios, \u00e9 importante esclarecer os limites da oferta. Segundo as condi\u00e7\u00f5es oficiais divulgadas pela BYD:<\/p>\n<ul>\n<li>A oferta n\u00e3o cobre danos acidentais, neglig\u00eancia, repara\u00e7\u00f5es n\u00e3o previstas no plano oficial, atualiza\u00e7\u00f5es personalizadas ou interven\u00e7\u00f5es causadas por modifica\u00e7\u00f5es externas.<\/li>\n<li>O cliente deve cumprir o plano de manuten\u00e7\u00e3o dentro dos prazos ou quilometragem definidos pela marca.<\/li>\n<li>As revis\u00f5es t\u00eam de ser feitas na rede oficial BYD &#8211; uma pr\u00e1tica comum nas marcas que oferecem manuten\u00e7\u00e3o inclu\u00edda.<\/li>\n<\/ul>\n<p style=\"text-align: center;\"><a target=\"_blank\" href=\"https:\/\/pplware.sapo.pt\/wp-content\/uploads\/2024\/03\/carro_eletrico_byd_seal-16.jpg\" onclick=\"refreshIframe()\" class=\"foobox\" rel=\"nofollow noopener\"><img loading=\"lazy\" decoding=\"async\" src=\"https:\/\/www.europesays.com\/pt\/wp-content\/uploads\/2025\/12\/carro_eletrico_byd_seal-16-1024x576.jpg\" alt=\"\" width=\"720\" height=\"405\" class=\"alignnone size-large wp-image-981766\"  \/><\/a><\/p>\n<p>Impacto real no mercado autom\u00f3vel<\/p>\n<p>O mercado autom\u00f3vel europeu est\u00e1 a viver uma fase de transforma\u00e7\u00e3o acelerada &#8211; n\u00e3o apenas tecnol\u00f3gica, mas tamb\u00e9m de expectativas do consumidor. Incentivos, garantias alargadas e manuten\u00e7\u00e3o inclu\u00edda tornaram-se diferenciais importantes na decis\u00e3o de compra. No caso da BYD, <strong>esta iniciativa refor\u00e7a tr\u00eas pilares fundamentais<\/strong>:<\/p>\n<ul>\n<li>Posicionamento de marca premium acess\u00edvel: a BYD oferece ve\u00edculos altamente tecnol\u00f3gicos, com altos n\u00edveis de qualidade e seguran\u00e7a, posicionando-se entre o segmento generalista e o segmento premium. A manuten\u00e7\u00e3o inclu\u00edda refor\u00e7a essa imagem.<\/li>\n<li>Compromisso com o p\u00f3s-venda: com uma rede de concession\u00e1rios e oficinas a crescer em Portugal, a inclus\u00e3o da manuten\u00e7\u00e3o programada ajuda a consolidar a confian\u00e7a nessa rede e demonstra o compromisso da marca com o acompanhamento cont\u00ednuo do cliente.<\/li>\n<li>Competitividade frente aos principais concorrentes: num mercado onde muitos fabricantes cobram planifica\u00e7\u00f5es de manuten\u00e7\u00e3o de centenas de euros por ano, oferecer esse servi\u00e7o integrado representa uma vantagem clara &#8211; particularmente para quem quer controlar custos.<\/li>\n<\/ul>\n<p>A inclus\u00e3o da Manuten\u00e7\u00e3o Programada em toda a gama BYD &#8211; tanto nos el\u00e9tricos como nos Super H\u00edbridos Plug-in &#8211; <strong>\u00e9 um movimento inteligente e altamente ben\u00e9fico para o consumidor portugu\u00eas<\/strong>.<\/p>\n<p>\u00a0<\/p>\n<p><strong>Leia tamb\u00e9m:<\/strong><\/p>\n","protected":false},"excerpt":{"rendered":"A BYD refor\u00e7ou recentemente o seu compromisso com a mobilidade eletrificada ao incluir manuten\u00e7\u00e3o programada em toda a&hellip;\n","protected":false},"author":2,"featured_media":199943,"comment_status":"","ping_status":"","sticky":false,"template":"","format":"standard","meta":{"footnotes":""},"categories":[83],"tags":[88,3895,89,90,39882,32,33],"class_list":{"0":"post-199942","1":"post","2":"type-post","3":"status-publish","4":"format-standard","5":"has-post-thumbnail","7":"category-empresas","8":"tag-business","9":"tag-byd","10":"tag-economy","11":"tag-empresas","12":"tag-manutencao-programada","13":"tag-portugal","14":"tag-pt"},"share_on_mastodon":{"url":"https:\/\/pubeurope.com\/@pt\/115769798216845361","error":""},"_links":{"self":[{"href":"https:\/\/www.europesays.com\/pt\/wp-json\/wp\/v2\/posts\/199942","targetHints":{"allow":["GET"]}}],"collection":[{"href":"https:\/\/www.europesays.com\/pt\/wp-json\/wp\/v2\/posts"}],"about":[{"href":"https:\/\/www.europesays.com\/pt\/wp-json\/wp\/v2\/types\/post"}],"author":[{"embeddable":true,"href":"https:\/\/www.europesays.com\/pt\/wp-json\/wp\/v2\/users\/2"}],"replies":[{"embeddable":true,"href":"https:\/\/www.europesays.com\/pt\/wp-json\/wp\/v2\/comments?post=199942"}],"version-history":[{"count":0,"href":"https:\/\/www.europesays.com\/pt\/wp-json\/wp\/v2\/posts\/199942\/revisions"}],"wp:featuredmedia":[{"embeddable":true,"href":"https:\/\/www.europesays.com\/pt\/wp-json\/wp\/v2\/media\/199943"}],"wp:attachment":[{"href":"https:\/\/www.europesays.com\/pt\/wp-json\/wp\/v2\/media?parent=199942"}],"wp:term":[{"taxonomy":"category","embeddable":true,"href":"https:\/\/www.europesays.com\/pt\/wp-json\/wp\/v2\/categories?post=199942"},{"taxonomy":"post_tag","embeddable":true,"href":"https:\/\/www.europesays.com\/pt\/wp-json\/wp\/v2\/tags?post=199942"}],"curies":[{"name":"wp","href":"https:\/\/api.w.org\/{rel}","templated":true}]}}