{"id":199980,"date":"2025-12-23T16:51:10","date_gmt":"2025-12-23T16:51:10","guid":{"rendered":"https:\/\/www.europesays.com\/pt\/199980\/"},"modified":"2025-12-23T16:51:10","modified_gmt":"2025-12-23T16:51:10","slug":"as-10-medidas-minimas-de-seguranca","status":"publish","type":"post","link":"https:\/\/www.europesays.com\/pt\/199980\/","title":{"rendered":"as 10 medidas m\u00ednimas de seguran\u00e7a"},"content":{"rendered":"<p>A &#8220;nova lei da ciberseguran\u00e7a&#8221; em Portugal refere-se ao Decreto-Lei n.\u00ba 125\/2025, publicado em 4 de dezembro de 2025. Este diploma transp\u00f5e a diretiva europeia NIS 2 e substitui o regime anterior, trazendo obriga\u00e7\u00f5es muito mais rigorosas e abrangendo um maior n\u00famero de setores. Conhe\u00e7as as 10 medidas m\u00ednimas obrigat\u00f3rias de seguran\u00e7a.<\/p>\n<p><a target=\"_blank\" href=\"https:\/\/pplware.sapo.pt\/wp-content\/uploads\/2025\/04\/ciberseguranca_fraude_phishing.jpg\" onclick=\"refreshIframe()\" class=\"foobox\" rel=\"nofollow noopener\"><img fetchpriority=\"high\" decoding=\"async\" src=\"https:\/\/www.europesays.com\/pt\/wp-content\/uploads\/2025\/10\/ciberseguranca_fraude_phishing-720x405.jpg\" alt=\"Nova Lei da Ciberseguran\u00e7a: as 10 medidas m\u00ednimas de seguran\u00e7a\" width=\"720\" height=\"405\" class=\"aligncenter wp-image-1052144 size-medium\"  \/><\/a><\/p>\n<p>A lei foca-se numa abordagem de &#8220;gest\u00e3o de todos os riscos&#8221; e estabelece um conjunto de medidas que as entidades (essenciais e importantes) devem adotar.<\/p>\n<p>As 10 Medidas M\u00ednimas de Seguran\u00e7a<\/p>\n<p>De acordo com o novo regime, as organiza\u00e7\u00f5es devem implementar medidas t\u00e9cnicas, operacionais e organizativas para gerir os riscos. As medidas m\u00ednimas obrigat\u00f3rias incluem:<\/p>\n<ul>\n<li><strong>Pol\u00edticas de An\u00e1lise de Riscos e de Seguran\u00e7a<\/strong>\n<ul>\n<li>Documenta\u00e7\u00e3o formal de como a organiza\u00e7\u00e3o identifica e trata amea\u00e7as.<\/li>\n<\/ul>\n<\/li>\n<li><strong>Tratamento de Incidentes<\/strong>\n<ul>\n<li>Processos claros para dete\u00e7\u00e3o, an\u00e1lise, conten\u00e7\u00e3o e resposta a ciberataques.<\/li>\n<\/ul>\n<\/li>\n<li><strong>Continuidade do Neg\u00f3cio<\/strong>\n<ul>\n<li>Planos de recupera\u00e7\u00e3o de desastres, gest\u00e3o de crises e c\u00f3pias de seguran\u00e7a (backups).<\/li>\n<\/ul>\n<\/li>\n<li><strong>Seguran\u00e7a da Cadeia de Abastecimento<\/strong>\n<ul>\n<li>Avalia\u00e7\u00e3o do risco dos fornecedores e prestadores de servi\u00e7os diretos.<\/li>\n<\/ul>\n<\/li>\n<li><strong>Seguran\u00e7a na Aquisi\u00e7\u00e3o e Manuten\u00e7\u00e3o<\/strong>\n<ul>\n<li>Garantir que os sistemas e redes s\u00e3o seguros desde o desenvolvimento at\u00e9 \u00e0 explora\u00e7\u00e3o (incluindo gest\u00e3o de vulnerabilidades).<\/li>\n<\/ul>\n<\/li>\n<li><strong>Avalia\u00e7\u00e3o da Efic\u00e1cia<\/strong>\n<ul>\n<li>Pol\u00edticas para testar e auditar regularmente a efic\u00e1cia das medidas de ciberseguran\u00e7a.<\/li>\n<\/ul>\n<\/li>\n<li><strong>Pr\u00e1ticas de Higiene Cibern\u00e9tica<\/strong>\n<ul>\n<li>Forma\u00e7\u00e3o b\u00e1sica para colaboradores e atualiza\u00e7\u00f5es regulares de software.<\/li>\n<\/ul>\n<\/li>\n<li><strong>Criptografia e Codifica\u00e7\u00e3o<\/strong>\n<ul>\n<li>Utiliza\u00e7\u00e3o de solu\u00e7\u00f5es de cifragem para proteger dados sens\u00edveis.<\/li>\n<\/ul>\n<\/li>\n<li><strong>Seguran\u00e7a dos Recursos Humanos<\/strong>\n<ul>\n<li>Pol\u00edticas de controlo de acessos e gest\u00e3o de ativos por parte dos funcion\u00e1rios.<\/li>\n<\/ul>\n<\/li>\n<li><strong>Autentica\u00e7\u00e3o Multifator (MFA)<\/strong>\n<ul>\n<li>Uso de solu\u00e7\u00f5es de autentica\u00e7\u00e3o forte e comunica\u00e7\u00f5es seguras (voz, v\u00eddeo e texto).<\/li>\n<\/ul>\n<\/li>\n<\/ul>\n<p><a target=\"_blank\" href=\"https:\/\/pplware.sapo.pt\/wp-content\/uploads\/2022\/03\/ciberseguranca00.jpg\" onclick=\"refreshIframe()\" class=\"foobox\" rel=\"nofollow noopener\"><img loading=\"lazy\" decoding=\"async\" src=\"https:\/\/www.europesays.com\/pt\/wp-content\/uploads\/2025\/12\/ciberseguranca00-720x405.jpg\" alt=\"Nova Lei da Ciberseguran\u00e7a: as 10 medidas m\u00ednimas de seguran\u00e7a\" width=\"720\" height=\"405\" class=\"aligncenter wp-image-834804 size-medium\"  \/><\/a><\/p>\n<p>O diploma entra em vigor a 3 de abril de 2026, dando um per\u00edodo de adapta\u00e7\u00e3o para as entidades se registarem na plataforma do Centro Nacional de Ciberseguran\u00e7a (CNCS) e implementarem as medidas.<\/p>\n<p id=\"ember830\" class=\"ember-view reader-text-block__paragraph\"><strong>Leia tamb\u00e9m&#8230;<\/strong><\/p>\n","protected":false},"excerpt":{"rendered":"A &#8220;nova lei da ciberseguran\u00e7a&#8221; em Portugal refere-se ao Decreto-Lei n.\u00ba 125\/2025, publicado em 4 de dezembro de&hellip;\n","protected":false},"author":2,"featured_media":199981,"comment_status":"","ping_status":"","sticky":false,"template":"","format":"standard","meta":{"footnotes":""},"categories":[83],"tags":[88,586,89,90,28218,32,33],"class_list":{"0":"post-199980","1":"post","2":"type-post","3":"status-publish","4":"format-standard","5":"has-post-thumbnail","7":"category-empresas","8":"tag-business","9":"tag-ciberseguranca","10":"tag-economy","11":"tag-empresas","12":"tag-nis2","13":"tag-portugal","14":"tag-pt"},"share_on_mastodon":{"url":"https:\/\/pubeurope.com\/@pt\/115769920041621070","error":""},"_links":{"self":[{"href":"https:\/\/www.europesays.com\/pt\/wp-json\/wp\/v2\/posts\/199980","targetHints":{"allow":["GET"]}}],"collection":[{"href":"https:\/\/www.europesays.com\/pt\/wp-json\/wp\/v2\/posts"}],"about":[{"href":"https:\/\/www.europesays.com\/pt\/wp-json\/wp\/v2\/types\/post"}],"author":[{"embeddable":true,"href":"https:\/\/www.europesays.com\/pt\/wp-json\/wp\/v2\/users\/2"}],"replies":[{"embeddable":true,"href":"https:\/\/www.europesays.com\/pt\/wp-json\/wp\/v2\/comments?post=199980"}],"version-history":[{"count":0,"href":"https:\/\/www.europesays.com\/pt\/wp-json\/wp\/v2\/posts\/199980\/revisions"}],"wp:featuredmedia":[{"embeddable":true,"href":"https:\/\/www.europesays.com\/pt\/wp-json\/wp\/v2\/media\/199981"}],"wp:attachment":[{"href":"https:\/\/www.europesays.com\/pt\/wp-json\/wp\/v2\/media?parent=199980"}],"wp:term":[{"taxonomy":"category","embeddable":true,"href":"https:\/\/www.europesays.com\/pt\/wp-json\/wp\/v2\/categories?post=199980"},{"taxonomy":"post_tag","embeddable":true,"href":"https:\/\/www.europesays.com\/pt\/wp-json\/wp\/v2\/tags?post=199980"}],"curies":[{"name":"wp","href":"https:\/\/api.w.org\/{rel}","templated":true}]}}