{"id":199982,"date":"2025-12-23T16:52:14","date_gmt":"2025-12-23T16:52:14","guid":{"rendered":"https:\/\/www.europesays.com\/pt\/199982\/"},"modified":"2025-12-23T16:52:14","modified_gmt":"2025-12-23T16:52:14","slug":"nato-suspeita-que-a-russia-tem-uma-nova-estrategia-para-destruir-a-constelacao-starlink","status":"publish","type":"post","link":"https:\/\/www.europesays.com\/pt\/199982\/","title":{"rendered":"NATO suspeita que a R\u00fassia tem uma nova estrat\u00e9gia para destruir a constela\u00e7\u00e3o Starlink"},"content":{"rendered":"<p>A Organiza\u00e7\u00e3o do Tratado do Atl\u00e2ntico Norte (em ingl\u00eas, NATO) suspeita que a R\u00fassia est\u00e1 a desenvolver uma estrat\u00e9gia dr\u00e1stica para neutralizar a rede Starlink: a cria\u00e7\u00e3o de nuvens orbitais de pequenos fragmentos de metal para destrui\u00e7\u00e3o em massa de sat\u00e9lites.<\/p>\n<p><a target=\"_blank\" href=\"https:\/\/pplware.sapo.pt\/wp-content\/uploads\/2025\/10\/apple_starlink02.webp\" rel=\"nofollow noopener\"><img fetchpriority=\"high\" decoding=\"async\" src=\"https:\/\/www.europesays.com\/pt\/wp-content\/uploads\/2025\/12\/apple_starlink02-720x405.webp.webp\" alt=\"\" width=\"720\" height=\"405\" class=\"aligncenter size-medium wp-image-1085078\"  \/><\/a>\n<\/p>\n<p>Dom\u00ednio da Starlink e depend\u00eancia global dos seus sat\u00e9lites<\/p>\n<p>Atualmente, existem mais de 14.000 sat\u00e9lites ativos na \u00f3rbita baixa da Terra. Destes, cerca de dois ter\u00e7os pertencem \u00e0 Starlink.<\/p>\n<p>Governos, como o norte-americano, dependem largamente destes sat\u00e9lites para comunica\u00e7\u00f5es remotas e opera\u00e7\u00f5es militares.<\/p>\n<p>Al\u00e9m disso, desde o in\u00edcio da invas\u00e3o da Ucr\u00e2nia pela R\u00fassia, em 2022, a constela\u00e7\u00e3o de sat\u00e9lites da SpaceX tem sido vital para a defesa do pa\u00eds, garantindo Internet para infraestruturas civis, drones e coordena\u00e7\u00e3o de artilharia.<\/p>\n<p><a target=\"_blank\" href=\"https:\/\/pplware.sapo.pt\/wp-content\/uploads\/2025\/03\/ucrania_starlink00p.webp\" rel=\"nofollow noopener\"><img loading=\"lazy\" decoding=\"async\" src=\"https:\/\/www.europesays.com\/pt\/wp-content\/uploads\/2025\/08\/ucrania_starlink00p-720x405.webp.webp\" alt=\"Starlink\" width=\"720\" height=\"405\" class=\"aligncenter wp-image-1046627 size-medium\"  \/><\/a><\/p>\n<p>R\u00fassia quer dizimar o trunfo ocidental<\/p>\n<p>\u00c9 neste contexto de extrema relev\u00e2ncia para a Ucr\u00e2nia que a R\u00fassia parece querer dizimar os sat\u00e9lites da Starlink, segundo avan\u00e7ado pelo <a target=\"_blank\" href=\"https:\/\/gizmodo.com\/\" rel=\"nofollow noopener\">Gizmodo<\/a>.<\/p>\n<p>Segundo relat\u00f3rios dos servi\u00e7os secretos analisados pela <a target=\"_blank\" href=\"https:\/\/apnews.com\/article\/russia-starlink-musk-ukraine-space-china-canada-c69c1fda5ffc93828712ab723e606a2c\" rel=\"nofollow noopener\">Associated Press<\/a>, a arma de &#8220;efeito de zona&#8221; a ser planeada pela R\u00fassia teria como objetivo inundar as \u00f3rbitas baixas com centenas de milhares de proj\u00e9teis de alta densidade, permitindo desativar v\u00e1rios sat\u00e9lites em simult\u00e2neo atrav\u00e9s de uma destrui\u00e7\u00e3o em massa.<\/p>\n<p>Esta amea\u00e7a foca-se na infraestrutura de Elon Musk. Afinal, os cerca de dois ter\u00e7os dos 14.000 sat\u00e9lites ativos na \u00f3rbita terrestre, a Starlink tem sido crucial na defesa ucraniana, desde o in\u00edcio da guerra, em 2022.<\/p>\n<p>Embora a R\u00fassia <a target=\"_blank\" href=\"https:\/\/www.csis.org\/analysis\/russia-threatens-target-commercial-satellites\" rel=\"nofollow noopener\">tenha avisado<\/a>, anteriormente, que sat\u00e9lites comerciais poderiam ser alvos leg\u00edtimos, a ideia de usar o chamado shrapnel &#8211; pequenos fragmentos de metal que voam a alta velocidade ap\u00f3s a explos\u00e3o de uma granada ou proj\u00e9til &#8211; para o efeito choca especialistas devido ao risco de danos colaterais incontrol\u00e1veis.<\/p>\n<p><a target=\"_blank\" href=\"https:\/\/pplware.sapo.pt\/wp-content\/uploads\/2025\/11\/alternativa_starlink00.webp\" rel=\"nofollow noopener\"><img loading=\"lazy\" decoding=\"async\" src=\"https:\/\/www.europesays.com\/pt\/wp-content\/uploads\/2025\/12\/alternativa_starlink00-720x404.webp.webp\" alt=\"\" width=\"720\" height=\"404\" class=\"aligncenter size-medium wp-image-1087595\"  \/><\/a><\/p>\n<p>O &#8220;efeito de zona&#8221; contra a Starlink<\/p>\n<p>Segundo relat\u00f3rios dos servi\u00e7os secretos analisados pela Associated Press, primeiro, a arma russa daria origem a uma inunda\u00e7\u00e3o orbital, libertando centenas de milhares de proj\u00e9teis de alta densidade.<\/p>\n<p>Essa liberta\u00e7\u00e3o resultaria, depois, numa destrui\u00e7\u00e3o em massa: ao contr\u00e1rio de m\u00edsseis que visam um \u00fanico alvo, uma nuvem deste tipo desativaria m\u00faltiplos sat\u00e9lites simultaneamente.<\/p>\n<p>Especialistas alertam que o uso desta estrat\u00e9gia pode gerar danos colaterais imprevis\u00edveis, compar\u00e1veis a &#8220;explodir uma caixa de chumbo&#8221; no espa\u00e7o.<\/p>\n<p><a target=\"_blank\" href=\"https:\/\/pplware.sapo.pt\/wp-content\/uploads\/2021\/05\/lixo_espacial_quintal02.jpg\" onclick=\"refreshIframe()\" class=\"foobox\" rel=\"nofollow noopener\"><img loading=\"lazy\" decoding=\"async\" src=\"https:\/\/www.europesays.com\/pt\/wp-content\/uploads\/2025\/12\/lixo_espacial_quintal02-720x405.jpg\" alt=\"\" width=\"720\" height=\"405\" class=\"aligncenter size-medium wp-image-770575\"  \/><\/a><\/p>\n<p>O S\u00edndrome de Kessler<\/p>\n<p>O grande dilema desta estrat\u00e9gia \u00e9 exatamente o seu car\u00e1ter indiscriminado. Ao fragmentar objetos no espa\u00e7o, o pa\u00eds criaria uma rea\u00e7\u00e3o em cadeia que poderia destruir n\u00e3o s\u00f3 os seus pr\u00f3prios sat\u00e9lites, mas, tamb\u00e9m, os de aliados como a China.<\/p>\n<p>A proposta russa pode ser consideravelmente mais perigosa do que outros m\u00e9todos j\u00e1 testados por v\u00e1rias pot\u00eancias mundiais devido ao risco do chamado S\u00edndrome de Kessler.<\/p>\n<p>Ao contr\u00e1rio de um teste de m\u00edssil controlado, uma nuvem massiva de pequenos fragmentos pode gerar uma rea\u00e7\u00e3o em cadeia de colis\u00f5es, tornando certas \u00f3rbitas totalmente inutiliz\u00e1veis para a humanidade durante d\u00e9cadas.<\/p>\n<p><a target=\"_blank\" href=\"https:\/\/pplware.sapo.pt\/wp-content\/uploads\/2022\/04\/iss_estacao_espacial_internacional00.jpg\" onclick=\"refreshIframe()\" class=\"foobox\" rel=\"nofollow noopener\"><img loading=\"lazy\" decoding=\"async\" aria-describedby=\"caption-attachment-842302\" src=\"https:\/\/www.europesays.com\/pt\/wp-content\/uploads\/2025\/12\/iss_estacao_espacial_internacional00-720x405.jpg\" alt=\"Esta\u00e7\u00e3o Espacial Internacional (ISS)\" width=\"720\" height=\"405\" class=\"wp-image-842302 size-medium\"  \/><\/a><\/p>\n<p id=\"caption-attachment-842302\" class=\"wp-caption-text\">Esta\u00e7\u00e3o Espacial Internacional (em ingl\u00eas, ISS).<\/p>\n<p>Al\u00e9m disso, as esta\u00e7\u00f5es espaciais Tiangong e a Esta\u00e7\u00e3o Espacial Internacional (em ingl\u00eas, ISS) ficariam em perigo imediato.<\/p>\n<p>Ainda assim, alguns comandantes militares acreditam que, dada a desvantagem tecnol\u00f3gica russa face aos Estados Unidos, o pa\u00eds poder\u00e1 estar disposto a sacrificar o acesso \u00e0 \u00f3rbita terrestre para &#8220;nivelar o campo de jogo&#8221; e privar os pa\u00edses ocidentais da sua vantagem em mat\u00e9ria de comunica\u00e7\u00e3o, conseguida atrav\u00e9s de uma robusta rede de sat\u00e9lites.<\/p>\n<p>A confirmar-se, o desenvolvimento desta tecnologia pela R\u00fassia sublinha a rapidez com que o espa\u00e7o se est\u00e1 a tornar um campo de batalha ativo.<\/p>\n<p>Embora a efic\u00e1cia e a inten\u00e7\u00e3o real da R\u00fassia ainda gerem debate entre os especialistas, a amea\u00e7a \u00e0 infraestrutura que sustenta a vida moderna na Terra \u00e9 real e agrava-se a cada dia.<\/p>\n","protected":false},"excerpt":{"rendered":"A Organiza\u00e7\u00e3o do Tratado do Atl\u00e2ntico Norte (em ingl\u00eas, NATO) suspeita que a R\u00fassia est\u00e1 a desenvolver uma&hellip;\n","protected":false},"author":2,"featured_media":199983,"comment_status":"","ping_status":"","sticky":false,"template":"","format":"standard","meta":{"footnotes":""},"categories":[50],"tags":[27,28,39889,15,16,14,25,26,21,22,62,3400,12,13,19,20,23,24,839,587,4109,17,18,29,30,31,63,64,65],"class_list":{"0":"post-199982","1":"post","2":"type-post","3":"status-publish","4":"format-standard","5":"has-post-thumbnail","7":"category-mundo","8":"tag-breaking-news","9":"tag-breakingnews","10":"tag-constelacao","11":"tag-featured-news","12":"tag-featurednews","13":"tag-headlines","14":"tag-latest-news","15":"tag-latestnews","16":"tag-main-news","17":"tag-mainnews","18":"tag-mundo","19":"tag-nato","20":"tag-news","21":"tag-noticias","22":"tag-noticias-principais","23":"tag-noticiasprincipais","24":"tag-principais-noticias","25":"tag-principaisnoticias","26":"tag-russia","27":"tag-satelites","28":"tag-starlink","29":"tag-top-stories","30":"tag-topstories","31":"tag-ultimas","32":"tag-ultimas-noticias","33":"tag-ultimasnoticias","34":"tag-world","35":"tag-world-news","36":"tag-worldnews"},"share_on_mastodon":{"url":"https:\/\/pubeurope.com\/@pt\/115769923725263623","error":""},"_links":{"self":[{"href":"https:\/\/www.europesays.com\/pt\/wp-json\/wp\/v2\/posts\/199982","targetHints":{"allow":["GET"]}}],"collection":[{"href":"https:\/\/www.europesays.com\/pt\/wp-json\/wp\/v2\/posts"}],"about":[{"href":"https:\/\/www.europesays.com\/pt\/wp-json\/wp\/v2\/types\/post"}],"author":[{"embeddable":true,"href":"https:\/\/www.europesays.com\/pt\/wp-json\/wp\/v2\/users\/2"}],"replies":[{"embeddable":true,"href":"https:\/\/www.europesays.com\/pt\/wp-json\/wp\/v2\/comments?post=199982"}],"version-history":[{"count":0,"href":"https:\/\/www.europesays.com\/pt\/wp-json\/wp\/v2\/posts\/199982\/revisions"}],"wp:featuredmedia":[{"embeddable":true,"href":"https:\/\/www.europesays.com\/pt\/wp-json\/wp\/v2\/media\/199983"}],"wp:attachment":[{"href":"https:\/\/www.europesays.com\/pt\/wp-json\/wp\/v2\/media?parent=199982"}],"wp:term":[{"taxonomy":"category","embeddable":true,"href":"https:\/\/www.europesays.com\/pt\/wp-json\/wp\/v2\/categories?post=199982"},{"taxonomy":"post_tag","embeddable":true,"href":"https:\/\/www.europesays.com\/pt\/wp-json\/wp\/v2\/tags?post=199982"}],"curies":[{"name":"wp","href":"https:\/\/api.w.org\/{rel}","templated":true}]}}