{"id":199985,"date":"2025-12-23T16:55:08","date_gmt":"2025-12-23T16:55:08","guid":{"rendered":"https:\/\/www.europesays.com\/pt\/199985\/"},"modified":"2025-12-23T16:55:08","modified_gmt":"2025-12-23T16:55:08","slug":"marcus-buaiz-e-isis-valverde-surgem-no-es-com-os-filhos","status":"publish","type":"post","link":"https:\/\/www.europesays.com\/pt\/199985\/","title":{"rendered":"Marcus Buaiz e Isis Valverde surgem no ES com os filhos"},"content":{"rendered":"<p>\n\t\t\t\tDe f\u00e9rias no ES! Marcus Buaiz e Isis Valverde v\u00e3o a restaurante tradicional de Vit\u00f3ria e f\u00e3s reagem: \u201cEst\u00e1 capixaba j\u00e1\u201d<br \/>\n\t\t\t\tDe f\u00e9rias no ES! Marcus Buaiz e Isis Valverde v\u00e3o a restaurante tradicional de Vit\u00f3ria e f\u00e3s reagem: \u201cEst\u00e1 capixaba j\u00e1\u201d<br \/>\n\t\t\t\tDe f\u00e9rias no ES! Marcus Buaiz e Isis Valverde v\u00e3o a restaurante tradicional de Vit\u00f3ria e f\u00e3s reagem: \u201cEst\u00e1 capixaba j\u00e1\u201d<br \/>\n\t\t\t\tDe f\u00e9rias no ES! Marcus Buaiz e Isis Valverde v\u00e3o a restaurante tradicional de Vit\u00f3ria e f\u00e3s reagem: \u201cEst\u00e1 capixaba j\u00e1\u201d\n\t\t\t<\/p>\n<p>\t\t\t1.0x\t\t<\/p>\n","protected":false},"excerpt":{"rendered":"De f\u00e9rias no ES! Marcus Buaiz e Isis Valverde v\u00e3o a restaurante tradicional de Vit\u00f3ria e f\u00e3s reagem:&hellip;\n","protected":false},"author":2,"featured_media":199986,"comment_status":"","ping_status":"","sticky":false,"template":"","format":"standard","meta":{"footnotes":""},"categories":[145],"tags":[211,210,114,115,980,15274,39890,3232,32,33],"class_list":{"0":"post-199985","1":"post","2":"type-post","3":"status-publish","4":"format-standard","5":"has-post-thumbnail","7":"category-celebridades","8":"tag-celebridades","9":"tag-celebrities","10":"tag-entertainment","11":"tag-entretenimento","12":"tag-famosos","13":"tag-isis-valverde","14":"tag-marcus-buaiz","15":"tag-pedro-permuy","16":"tag-portugal","17":"tag-pt"},"share_on_mastodon":{"url":"https:\/\/pubeurope.com\/@pt\/115769935342973021","error":""},"_links":{"self":[{"href":"https:\/\/www.europesays.com\/pt\/wp-json\/wp\/v2\/posts\/199985","targetHints":{"allow":["GET"]}}],"collection":[{"href":"https:\/\/www.europesays.com\/pt\/wp-json\/wp\/v2\/posts"}],"about":[{"href":"https:\/\/www.europesays.com\/pt\/wp-json\/wp\/v2\/types\/post"}],"author":[{"embeddable":true,"href":"https:\/\/www.europesays.com\/pt\/wp-json\/wp\/v2\/users\/2"}],"replies":[{"embeddable":true,"href":"https:\/\/www.europesays.com\/pt\/wp-json\/wp\/v2\/comments?post=199985"}],"version-history":[{"count":0,"href":"https:\/\/www.europesays.com\/pt\/wp-json\/wp\/v2\/posts\/199985\/revisions"}],"wp:featuredmedia":[{"embeddable":true,"href":"https:\/\/www.europesays.com\/pt\/wp-json\/wp\/v2\/media\/199986"}],"wp:attachment":[{"href":"https:\/\/www.europesays.com\/pt\/wp-json\/wp\/v2\/media?parent=199985"}],"wp:term":[{"taxonomy":"category","embeddable":true,"href":"https:\/\/www.europesays.com\/pt\/wp-json\/wp\/v2\/categories?post=199985"},{"taxonomy":"post_tag","embeddable":true,"href":"https:\/\/www.europesays.com\/pt\/wp-json\/wp\/v2\/tags?post=199985"}],"curies":[{"name":"wp","href":"https:\/\/api.w.org\/{rel}","templated":true}]}}