{"id":19999,"date":"2025-08-07T16:34:08","date_gmt":"2025-08-07T16:34:08","guid":{"rendered":"https:\/\/www.europesays.com\/pt\/19999\/"},"modified":"2025-08-07T16:34:08","modified_gmt":"2025-08-07T16:34:08","slug":"municipio-espanhol-proibe-celebracoes-muculmanas-observador","status":"publish","type":"post","link":"https:\/\/www.europesays.com\/pt\/19999\/","title":{"rendered":"Munic\u00edpio espanhol pro\u00edbe celebra\u00e7\u00f5es mu\u00e7ulmanas \u2013 Observador"},"content":{"rendered":"<p>A autarquia de Jumilla aprovou uma mo\u00e7\u00e3o que pro\u00edbe as celebra\u00e7\u00f5es isl\u00e2micas na localidade pertencente \u00e0 comunidade aut\u00f3noma de M\u00farcia em infraestruturas p\u00fablicas. Foi o Vox <a href=\"https:\/\/elpais.com\/espana\/2025-08-07\/claves-el-veto-del-pp-y-vox-a-las-fiestas-musulmanas-en-jumilla-es-inconstitucional-es-antiislamico.html\" rel=\"nofollow noopener\" target=\"_blank\">que inicialmente prop\u00f4s<\/a> \u201cproibir a celebra\u00e7\u00e3o p\u00fablica da denominada Festa do Cordeiro e outras comemora\u00e7\u00f5es semelhantes\u201d, uma vez que se tratavam d<strong>e \u201cpr\u00e1ticas incompat\u00edveis com a identidade, usos e costumes da na\u00e7\u00e3o espanhola\u201d.\u00a0<\/strong><\/p>\n<p>Ora, o Partido Popular (PP) reformulou a mo\u00e7\u00e3o inicialmente do Vox, mas aprovou o texto que determinava que as celebra\u00e7\u00f5es isl\u00e2micas n\u00e3o ocorressem em espa\u00e7os p\u00fablicos de Jumilla. A comunidade isl\u00e2mica espanhola criticou a a\u00e7\u00e3o, assim como os socialistas espanh\u00f3is, que <a href=\"https:\/\/twitter.com\/PSOE\/status\/1953412716326003123\" rel=\"nofollow noopener\" target=\"_blank\">acusam<\/a> os populares de \u201cn\u00e3o respeitarem os direitos fundamentais\u201d da liberdade religiosa.<\/p>\n<p>O Partido Popular alterou parte do texto do Vox \u2014 que considerava, por exemplo, que era importante defender a \u201cidentidade, valores e as manifesta\u00e7\u00f5es religiosas de Espanha\u201d. Al\u00e9m disso, os populares consideram que as infraestruturas da cidade (onde se ia realizar a festividade isl\u00e2mica) <strong>n\u00e3o devem servir para acolher eventos religiosos.<\/strong> O Vox acabou por n\u00e3o concordar na \u00edntegra com as modifica\u00e7\u00f5es do PP, abstendo-se na vota\u00e7\u00e3o da mo\u00e7\u00e3o, enquanto todos os dez populares votaram a favor (os socialistas e o Unidas Podemos votaram contra).<\/p>\n<p>O vice-secret\u00e1rio de Educa\u00e7\u00e3o e Igualdade do PP, Jaime de los Santos, saiu em defesa, esta quinta-feira, da aprova\u00e7\u00e3o da mo\u00e7\u00e3o. Os populares colocam no centro das suas pol\u00edticas<strong> \u201cas cren\u00e7as individuais\u201d <\/strong>e garantem que as respeitam. \u201cNunca vamos criticar ningu\u00e9m por acreditar no que acredita, reze o que rezar. Como cat\u00f3lico, se pe\u00e7o respeito pela minha f\u00e9, como \u00e9 que n\u00e3o pedirei por qualquer outra f\u00e9?\u201d<\/p>\n<p><strong>Jaime de los Santos <a href=\"https:\/\/elpais.com\/espana\/2025-08-07\/el-pp-no-rectifica-el-veto-en-jumilla-y-acusa-al-psoe-y-a-vox-de-polarizar.html\" rel=\"nofollow noopener\" target=\"_blank\">criticou<\/a> ainda o Vox e o PSOE<\/strong>, acusando os dois partidos de quererem \u201cpolitizar\u201d a quest\u00e3o. Para o dirigente partid\u00e1rio popular, o partido de Santiago Abascal inventa \u201cmentiras\u201d sobre imigrantes e mu\u00e7ulmanos, ao passo que o PSOE quer fazer passar o PP por um partido <strong>\u201cxen\u00f3fobo\u201d.<\/strong><\/p>\n<p>Por sua vez, Mounir Benjelloun Andaloussi Azhari, presidente da Federa\u00e7\u00e3o Espanhola de Organiza\u00e7\u00f5es Isl\u00e2micas, apelidou esta mo\u00e7\u00e3o de <strong>\u201cdiscriminat\u00f3ria\u201d<\/strong> e salientou que tem como objetivo que os mu\u00e7ulmanos \u201cn\u00e3o possam desfrutar das suas festas\u201d. \u201cN\u00e3o v\u00e3o contra outras confiss\u00f5es, v\u00e3o contra a nossa<strong>. \u00c9 uma proposta islamof\u00f3bica.\u201d<\/strong><\/p>\n<p>A localidade de Jumilla tem cerca de 1.500 mu\u00e7ulmanos. Recentemente, houve um aumento de tens\u00e3o entre a comunidade isl\u00e2mica no sul de Espanha ap\u00f3s os dist\u00farbios na localidade de Torre-Pacheco, tamb\u00e9m em M\u00farcia.<\/p>\n<p>            <script async src=\"https:\/\/platform.twitter.com\/widgets.js\" charset=\"utf-8\"><\/script><\/p>\n","protected":false},"excerpt":{"rendered":"A autarquia de Jumilla aprovou uma mo\u00e7\u00e3o que pro\u00edbe as celebra\u00e7\u00f5es isl\u00e2micas na localidade pertencente \u00e0 comunidade aut\u00f3noma&hellip;\n","protected":false},"author":2,"featured_media":20000,"comment_status":"","ping_status":"","sticky":false,"template":"","format":"standard","meta":{"footnotes":""},"categories":[50],"tags":[27,28,640,445,15,16,14,7325,25,26,21,22,62,12,13,19,20,23,24,313,58,17,18,29,30,31,63,64,65],"class_list":{"0":"post-19999","1":"post","2":"type-post","3":"status-publish","4":"format-standard","5":"has-post-thumbnail","7":"category-mundo","8":"tag-breaking-news","9":"tag-breakingnews","10":"tag-espanha","11":"tag-europa","12":"tag-featured-news","13":"tag-featurednews","14":"tag-headlines","15":"tag-islamismo","16":"tag-latest-news","17":"tag-latestnews","18":"tag-main-news","19":"tag-mainnews","20":"tag-mundo","21":"tag-news","22":"tag-noticias","23":"tag-noticias-principais","24":"tag-noticiasprincipais","25":"tag-principais-noticias","26":"tag-principaisnoticias","27":"tag-religiu00e3o","28":"tag-sociedade","29":"tag-top-stories","30":"tag-topstories","31":"tag-ultimas","32":"tag-ultimas-noticias","33":"tag-ultimasnoticias","34":"tag-world","35":"tag-world-news","36":"tag-worldnews"},"share_on_mastodon":{"url":"","error":""},"_links":{"self":[{"href":"https:\/\/www.europesays.com\/pt\/wp-json\/wp\/v2\/posts\/19999","targetHints":{"allow":["GET"]}}],"collection":[{"href":"https:\/\/www.europesays.com\/pt\/wp-json\/wp\/v2\/posts"}],"about":[{"href":"https:\/\/www.europesays.com\/pt\/wp-json\/wp\/v2\/types\/post"}],"author":[{"embeddable":true,"href":"https:\/\/www.europesays.com\/pt\/wp-json\/wp\/v2\/users\/2"}],"replies":[{"embeddable":true,"href":"https:\/\/www.europesays.com\/pt\/wp-json\/wp\/v2\/comments?post=19999"}],"version-history":[{"count":0,"href":"https:\/\/www.europesays.com\/pt\/wp-json\/wp\/v2\/posts\/19999\/revisions"}],"wp:featuredmedia":[{"embeddable":true,"href":"https:\/\/www.europesays.com\/pt\/wp-json\/wp\/v2\/media\/20000"}],"wp:attachment":[{"href":"https:\/\/www.europesays.com\/pt\/wp-json\/wp\/v2\/media?parent=19999"}],"wp:term":[{"taxonomy":"category","embeddable":true,"href":"https:\/\/www.europesays.com\/pt\/wp-json\/wp\/v2\/categories?post=19999"},{"taxonomy":"post_tag","embeddable":true,"href":"https:\/\/www.europesays.com\/pt\/wp-json\/wp\/v2\/tags?post=19999"}],"curies":[{"name":"wp","href":"https:\/\/api.w.org\/{rel}","templated":true}]}}