{"id":199998,"date":"2025-12-23T17:10:17","date_gmt":"2025-12-23T17:10:17","guid":{"rendered":"https:\/\/www.europesays.com\/pt\/199998\/"},"modified":"2025-12-23T17:10:17","modified_gmt":"2025-12-23T17:10:17","slug":"estradas-intransitaveis-casas-inundadas-chuva-forte-atinge-sul-de-franca","status":"publish","type":"post","link":"https:\/\/www.europesays.com\/pt\/199998\/","title":{"rendered":"Estradas intransit\u00e1veis, casas inundadas. Chuva forte atinge sul de Fran\u00e7a"},"content":{"rendered":"<p>&#13;<br \/>\nInunda\u00e7\u00f5es excecionais. <b>O departamento do H\u00e9rault continua sob alerta vermelho nesta ter\u00e7a-feira<\/b>, 23 de dezembro, ap\u00f3s as fortes chuvas de segunda-feira. Segundo Vigicrues, &#8220;as <b>inunda\u00e7\u00f5es excecionais propagam-se a jusante do H\u00e9rault e continuam a provocar transbordamentos muito prejudiciais esta ter\u00e7a-feira na regi\u00e3o de Agde<\/b>&#8220;. Nesta zona, as \u00e1guas subiram ao meio-dia de segunda-feira, afogando parcialmente os passeios \u00e0 beira do rio, de cada lado da ponte que conduz ao centro hist\u00f3rico de Agde.&#13;\n<\/p>\n<p>\n<b>Um n\u00edvel de \u00e1gua t\u00e3o elevado &#8211; at\u00e9 3,57 metros medidos na segunda-feira \u00e0 noite, como mostram as imagens publicadas nas redes sociais &#8211; n\u00e3o era registado na esta\u00e7\u00e3o de Agde desde &#8220;novembro de 1994 e dezembro de 1995&#8221;<\/b>, segundo a Vigicrues. A precipita\u00e7\u00e3o &#8220;come\u00e7a a abrandar significativamente em todos os setores j\u00e1 afetados&#8221; e &#8220;n\u00e3o dever\u00e1 gerar novas inunda\u00e7\u00f5es nos rios em alerta&#8221;, nota agora a rede de gest\u00e3o dos riscos de inunda\u00e7\u00e3o.<\/p>\n<p>&#13;<br \/>\nNa manh\u00e3 de ter\u00e7a-feira, 1.150 clientes da Enedis estavam sem eletricidade no departamento, informou a prefeitura ao ICI H\u00e9rault. Um pouco mais a norte de Agde, em Bessan, a<b> C\u00e2mara Municipal falava na segunda-feira de &#8220;cen\u00e1rios apocal\u00edpticos&#8221; <\/b>para acompanhar a publica\u00e7\u00e3o de fotografias a\u00e9reas nas redes sociais.&#13;\n<\/p>\n<p>&#13;<br \/>\nEntre 100 e 130 mm de precipita\u00e7\u00e3o na regi\u00e3o de Montpellier&#13;\n<\/p>\n<p>Noutros pontos do departamento, <b>foram registados &#8220;100 a 130 mm&#8221; de chuva na regi\u00e3o de Montpellier<\/b>, informa o M\u00e9t\u00e9o-France. No centro da cidade, onde a chuva intensa caiu ininterruptamente na segunda-feira, os raros transeuntes tentavam passar entre as po\u00e7as de \u00e1gua que enchiam as ruas. Os <b>parques e jardins p\u00fablicos, os cemit\u00e9rios, o jardim zool\u00f3gico e o mercado de Natal foram encerrados<\/b>, informou a cidade no X. Uma parte da rede de el\u00e9tricos foi igualmente interrompida. O acesso a v\u00e1rios cais foi igualmente interdito ao longo do rio Lez, no centro da cidade.<\/p>\n<p><img decoding=\"async\" src=\"https:\/\/www.europesays.com\/pt\/wp-content\/uploads\/2025\/12\/43036d1b1ef32e6714ab4e3676e6aaa7\"\/><\/p>\n<p>Sylvain Thomas \/ AFP<br \/>&#13;<br \/>\nRuas de Montpellier (H\u00e9rault) inundadas depois de o rio Lez ter transbordado devido \u00e0s fortes chuvas de 22 de dezembro de 2025.<\/p>\n<p>\nMais a norte do departamento, o rio H\u00e9rault transbordou na comuna de Laroque.\u00a0<\/p>\n<p><img decoding=\"async\" src=\"https:\/\/www.europesays.com\/pt\/wp-content\/uploads\/2025\/12\/bcd80118c0c9ae0bcf895cd4a0fb8688\"\/><\/p>\n<p>Sylvain Thomas \/ AFP&#13;<\/p>\n<p>&#13;<br \/>\nFuncion\u00e1rios municipais limpam uma rua ap\u00f3s a inunda\u00e7\u00e3o do rio H\u00e9rault em Laroque, a 22 de dezembro de 2025.&#13;\n<\/p>\n<p>Um restaurante ficou inundado, como observou um fot\u00f3grafo da AFP.<\/p>\n<p><img decoding=\"async\" src=\"https:\/\/www.europesays.com\/pt\/wp-content\/uploads\/2025\/12\/4749e5b3312df010f593f4edb227823a\"\/><\/p>\n<p>Sylvain Thomas \/ AFP<br \/>&#13;<br \/>\nUm homem limpa a \u00e1gua do interior de um restaurante ap\u00f3s fortes chuvas em Laroque (H\u00e9rault), 22 de dezembro de 2025.<br \/>&#13;<\/p>\n<p>&#13;<br \/>\nO H\u00e9rault\u00a0n\u00e3o foi o \u00fanico departamento a ser afetado por esta vaga de chuva. Tarn, Aveyron e Loz\u00e8re continuavam sob alerta laranja de inunda\u00e7\u00e3o na ter\u00e7a-feira.&#13;\n<\/p>\n<p>&#13;<br \/>\nA neve tamb\u00e9m se fez sentir nos departamentos do Sul: O Aveyron foi colocado sob vigil\u00e2ncia laranja para a neve e o gelo durante a manh\u00e3, tal como o Tarn, informa o M\u00e9t\u00e9o-France. No viaduto de Millau, muitos internautas filmaram as filas de carros atrasados pela neve. Na manh\u00e3 de ter\u00e7a-feira, 30.000 casas estavam sem eletricidade devido \u00e0 queda de neve em Aveyron, disse Enedis \u00e0 Radio France.&#13;\n<\/p>\n<p>&#13;<br \/>\nAnteriormente, o Var tinha tamb\u00e9m sido colocado em alerta laranja para chuvas, inunda\u00e7\u00f5es e alagamentos. A M\u00e9t\u00e9o-France informou que o departamento estava a ser afetado por &#8220;chuvas por vezes tempestuosas e localmente fortes&#8221;. A prefeitura publicou imagens de v\u00e1rias zonas inundadas no X. O alerta foi levantado na manh\u00e3 de ter\u00e7a-feira.&#13;\n<\/p>\n<p>France T\u00e9l\u00e9visions \/ 23 dezembro 2025 09:40 GMT<\/p>\n<p>Edi\u00e7\u00e3o e Tradu\u00e7\u00e3o \/ Joana B\u00e9nard da Costa &#8211; RTP<br \/>&#13;<\/p>\n","protected":false},"excerpt":{"rendered":"&#13; Inunda\u00e7\u00f5es excecionais. O departamento do H\u00e9rault continua sob alerta vermelho nesta ter\u00e7a-feira, 23 de dezembro, ap\u00f3s as&hellip;\n","protected":false},"author":2,"featured_media":199999,"comment_status":"","ping_status":"","sticky":false,"template":"","format":"standard","meta":{"footnotes":""},"categories":[50],"tags":[27,28,15,16,14,9412,25,26,21,22,62,12,13,19,20,23,24,39892,17,18,29,30,31,63,64,65],"class_list":{"0":"post-199998","1":"post","2":"type-post","3":"status-publish","4":"format-standard","5":"has-post-thumbnail","7":"category-mundo","8":"tag-breaking-news","9":"tag-breakingnews","10":"tag-featured-news","11":"tag-featurednews","12":"tag-headlines","13":"tag-inundacoes","14":"tag-latest-news","15":"tag-latestnews","16":"tag-main-news","17":"tag-mainnews","18":"tag-mundo","19":"tag-news","20":"tag-noticias","21":"tag-noticias-principais","22":"tag-noticiasprincipais","23":"tag-principais-noticias","24":"tag-principaisnoticias","25":"tag-sul-de-franca","26":"tag-top-stories","27":"tag-topstories","28":"tag-ultimas","29":"tag-ultimas-noticias","30":"tag-ultimasnoticias","31":"tag-world","32":"tag-world-news","33":"tag-worldnews"},"share_on_mastodon":{"url":"https:\/\/pubeurope.com\/@pt\/115769994954902706","error":""},"_links":{"self":[{"href":"https:\/\/www.europesays.com\/pt\/wp-json\/wp\/v2\/posts\/199998","targetHints":{"allow":["GET"]}}],"collection":[{"href":"https:\/\/www.europesays.com\/pt\/wp-json\/wp\/v2\/posts"}],"about":[{"href":"https:\/\/www.europesays.com\/pt\/wp-json\/wp\/v2\/types\/post"}],"author":[{"embeddable":true,"href":"https:\/\/www.europesays.com\/pt\/wp-json\/wp\/v2\/users\/2"}],"replies":[{"embeddable":true,"href":"https:\/\/www.europesays.com\/pt\/wp-json\/wp\/v2\/comments?post=199998"}],"version-history":[{"count":0,"href":"https:\/\/www.europesays.com\/pt\/wp-json\/wp\/v2\/posts\/199998\/revisions"}],"wp:featuredmedia":[{"embeddable":true,"href":"https:\/\/www.europesays.com\/pt\/wp-json\/wp\/v2\/media\/199999"}],"wp:attachment":[{"href":"https:\/\/www.europesays.com\/pt\/wp-json\/wp\/v2\/media?parent=199998"}],"wp:term":[{"taxonomy":"category","embeddable":true,"href":"https:\/\/www.europesays.com\/pt\/wp-json\/wp\/v2\/categories?post=199998"},{"taxonomy":"post_tag","embeddable":true,"href":"https:\/\/www.europesays.com\/pt\/wp-json\/wp\/v2\/tags?post=199998"}],"curies":[{"name":"wp","href":"https:\/\/api.w.org\/{rel}","templated":true}]}}