{"id":200125,"date":"2025-12-23T18:50:13","date_gmt":"2025-12-23T18:50:13","guid":{"rendered":"https:\/\/www.europesays.com\/pt\/200125\/"},"modified":"2025-12-23T18:50:13","modified_gmt":"2025-12-23T18:50:13","slug":"eua-precisam-do-territorio-por-seguranca-nacional","status":"publish","type":"post","link":"https:\/\/www.europesays.com\/pt\/200125\/","title":{"rendered":"EUA Precisam do Territ\u00f3rio por Seguran\u00e7a Nacional"},"content":{"rendered":"\n<p>O territ\u00f3rio do \u00c1rtico, com uma popula\u00e7\u00e3o de 57 mil habitantes distribu\u00eddos por 2,1 milh\u00f5es de quil\u00f3metros quadrados (80% dos quais permanentemente cobertos de gelo), depende essencialmente das receitas da pesca e da ajuda da Dinamarca, que cobre quase metade das despesas or\u00e7amentais.<\/p>\n<p>Os presidentes do Conselho Europeu e da Comiss\u00e3o Europeia manifestaram-se hoje solid\u00e1rios com a Dinamarca ap\u00f3s a nomea\u00e7\u00e3o do enviado especial norte-americano para a Gronel\u00e2ndia, lembrando a integridade territorial e soberania.<\/p>\n<p>&#8220;Manifestamos a nossa total solidariedade com a Dinamarca e o povo da Gronel\u00e2ndia&#8221;, indicam Ant\u00f3nio Costa e Ursula Von der Leyen, numa tomada de posi\u00e7\u00e3o comum na rede social X.<\/p>\n<p>&#8220;A seguran\u00e7a do \u00c1rtico continua a ser uma prioridade fundamental para a Uni\u00e3o Europeia, na qual procuramos trabalhar com aliados e parceiros. A integridade territorial e a soberania s\u00e3o princ\u00edpios fundamentais do Direito internacional e estes princ\u00edpios s\u00e3o essenciais n\u00e3o s\u00f3 para a Uni\u00e3o Europeia, mas tamb\u00e9m para as na\u00e7\u00f5es de todo o mundo&#8221;, concluem.<\/p>\n<p>Desde 2010 que a Gronel\u00e2ndia tem um novo estatuto de autonomia que reconhece o direito \u00e0 autodetermina\u00e7\u00e3o, uma possibilidade apoiada pela maioria dos seus habitantes, embora n\u00e3o \u00e0 custa de uma descida do n\u00edvel de vida.<\/p>\n<p>Ao mesmo tempo, os residentes rejeitaram a anexa\u00e7\u00e3o pelos Estados Unidos, de acordo com sondagens publicadas nos \u00faltimos meses.<\/p>\n<p>Um poder executivo de coliga\u00e7\u00e3o une todos os grupos pol\u00edticos moderados pr\u00f3-independ\u00eancia e governa o territ\u00f3rio ap\u00f3s as elei\u00e7\u00f5es regionais realizadas no passado m\u00eas de mar\u00e7o.<\/p>\n<p>A Dinamarca aumentou os investimentos militares e econ\u00f3micos na Gronel\u00e2ndia no \u00faltimo ano.\u00a0<\/p>\n","protected":false},"excerpt":{"rendered":"O territ\u00f3rio do \u00c1rtico, com uma popula\u00e7\u00e3o de 57 mil habitantes distribu\u00eddos por 2,1 milh\u00f5es de quil\u00f3metros quadrados&hellip;\n","protected":false},"author":2,"featured_media":200126,"comment_status":"","ping_status":"","sticky":false,"template":"","format":"standard","meta":{"footnotes":""},"categories":[50],"tags":[27,28,92,413,15,16,13033,14,25,26,21,22,62,12,13,19,20,23,24,17,18,29,30,31,63,64,65],"class_list":{"0":"post-200125","1":"post","2":"type-post","3":"status-publish","4":"format-standard","5":"has-post-thumbnail","7":"category-mundo","8":"tag-breaking-news","9":"tag-breakingnews","10":"tag-donald-trump","11":"tag-eua","12":"tag-featured-news","13":"tag-featurednews","14":"tag-gronelandia","15":"tag-headlines","16":"tag-latest-news","17":"tag-latestnews","18":"tag-main-news","19":"tag-mainnews","20":"tag-mundo","21":"tag-news","22":"tag-noticias","23":"tag-noticias-principais","24":"tag-noticiasprincipais","25":"tag-principais-noticias","26":"tag-principaisnoticias","27":"tag-top-stories","28":"tag-topstories","29":"tag-ultimas","30":"tag-ultimas-noticias","31":"tag-ultimasnoticias","32":"tag-world","33":"tag-world-news","34":"tag-worldnews"},"share_on_mastodon":{"url":"https:\/\/pubeurope.com\/@pt\/115770387679742241","error":""},"_links":{"self":[{"href":"https:\/\/www.europesays.com\/pt\/wp-json\/wp\/v2\/posts\/200125","targetHints":{"allow":["GET"]}}],"collection":[{"href":"https:\/\/www.europesays.com\/pt\/wp-json\/wp\/v2\/posts"}],"about":[{"href":"https:\/\/www.europesays.com\/pt\/wp-json\/wp\/v2\/types\/post"}],"author":[{"embeddable":true,"href":"https:\/\/www.europesays.com\/pt\/wp-json\/wp\/v2\/users\/2"}],"replies":[{"embeddable":true,"href":"https:\/\/www.europesays.com\/pt\/wp-json\/wp\/v2\/comments?post=200125"}],"version-history":[{"count":0,"href":"https:\/\/www.europesays.com\/pt\/wp-json\/wp\/v2\/posts\/200125\/revisions"}],"wp:featuredmedia":[{"embeddable":true,"href":"https:\/\/www.europesays.com\/pt\/wp-json\/wp\/v2\/media\/200126"}],"wp:attachment":[{"href":"https:\/\/www.europesays.com\/pt\/wp-json\/wp\/v2\/media?parent=200125"}],"wp:term":[{"taxonomy":"category","embeddable":true,"href":"https:\/\/www.europesays.com\/pt\/wp-json\/wp\/v2\/categories?post=200125"},{"taxonomy":"post_tag","embeddable":true,"href":"https:\/\/www.europesays.com\/pt\/wp-json\/wp\/v2\/tags?post=200125"}],"curies":[{"name":"wp","href":"https:\/\/api.w.org\/{rel}","templated":true}]}}