{"id":200133,"date":"2025-12-23T18:56:18","date_gmt":"2025-12-23T18:56:18","guid":{"rendered":"https:\/\/www.europesays.com\/pt\/200133\/"},"modified":"2025-12-23T18:56:18","modified_gmt":"2025-12-23T18:56:18","slug":"secret-story-fabio-sente-se-traido-por-ex-concorrentes-depois-do-que-soube","status":"publish","type":"post","link":"https:\/\/www.europesays.com\/pt\/200133\/","title":{"rendered":"Secret Story&#8221;. F\u00e1bio sente-se tra\u00eddo por ex-concorrentes: &#8220;Depois do que soube"},"content":{"rendered":"<p><a href=\"https:\/\/selfie.iol.pt\/famosos\/fabio\/apos-expulsao-de-secret-story-fabio-apelida-pedro-jorge-de-monstro-as-pessoas-tem-que-o-julgar\/20251222\/69496119d34e3caad84cb22c\" target=\"_blank\" rel=\"nofollow noopener\">F\u00e1bio revelou, em conversa com Cl\u00e1udio Ramos e Cristina Ferreira<\/a>, no programa &#8220;Dois \u00e0s 10&#8221;, da TVI, que se sente tra\u00eddo por Rui Ribeiro e Dylan.<\/p>\n<p>&#8220;Sou uma pessoa cordial, mas n\u00e3o dou abra\u00e7os a ningu\u00e9m. Especialmente, depois do que soube ontem. Se tivesse sabido das coisas antes, a minha entrada na gala teria sido diferente&#8221;, come\u00e7ou por dizer o, agora, ex-concorrente do &#8220;Secret Story&#8221;, fazendo refer\u00eancia ao facto de ter ido cumprimentar os dois acima referidos assim que chegou ao est\u00fadio da Venda do Pinheiro.<\/p>\n<p>&#8220;Primeiro, o facto de eles serem meus amigos, o Dylan e o Rui, e, agora, por andarem com o Z\u00e9 e a falar mal de mim&#8221;, continuou, mencionando o ex-noivo da namorada, Liliana.<\/p>\n<p>&#8220;Sente-se uma trai\u00e7\u00e3ozinha?&#8221;, quis saber Cristina Ferreira. &#8220;Claro que sim&#8221;, respondeu F\u00e1bio.<\/p>\n<p>Veja, agora, o v\u00eddeo.<\/p>\n","protected":false},"excerpt":{"rendered":"F\u00e1bio revelou, em conversa com Cl\u00e1udio Ramos e Cristina Ferreira, no programa &#8220;Dois \u00e0s 10&#8221;, da TVI, que&hellip;\n","protected":false},"author":2,"featured_media":200134,"comment_status":"","ping_status":"","sticky":false,"template":"","format":"standard","meta":{"footnotes":""},"categories":[142],"tags":[801,114,115,19082,980,619,32,33,1014,1315,1012,151,162],"class_list":{"0":"post-200133","1":"post","2":"type-post","3":"status-publish","4":"format-standard","5":"has-post-thumbnail","7":"category-tv","8":"tag-dois-as-10","9":"tag-entertainment","10":"tag-entretenimento","11":"tag-fabio","12":"tag-famosos","13":"tag-nacional","14":"tag-portugal","15":"tag-pt","16":"tag-reality-show","17":"tag-secret-story","18":"tag-selfie","19":"tag-tv","20":"tag-tvi"},"share_on_mastodon":{"url":"https:\/\/pubeurope.com\/@pt\/115770411310040789","error":""},"_links":{"self":[{"href":"https:\/\/www.europesays.com\/pt\/wp-json\/wp\/v2\/posts\/200133","targetHints":{"allow":["GET"]}}],"collection":[{"href":"https:\/\/www.europesays.com\/pt\/wp-json\/wp\/v2\/posts"}],"about":[{"href":"https:\/\/www.europesays.com\/pt\/wp-json\/wp\/v2\/types\/post"}],"author":[{"embeddable":true,"href":"https:\/\/www.europesays.com\/pt\/wp-json\/wp\/v2\/users\/2"}],"replies":[{"embeddable":true,"href":"https:\/\/www.europesays.com\/pt\/wp-json\/wp\/v2\/comments?post=200133"}],"version-history":[{"count":0,"href":"https:\/\/www.europesays.com\/pt\/wp-json\/wp\/v2\/posts\/200133\/revisions"}],"wp:featuredmedia":[{"embeddable":true,"href":"https:\/\/www.europesays.com\/pt\/wp-json\/wp\/v2\/media\/200134"}],"wp:attachment":[{"href":"https:\/\/www.europesays.com\/pt\/wp-json\/wp\/v2\/media?parent=200133"}],"wp:term":[{"taxonomy":"category","embeddable":true,"href":"https:\/\/www.europesays.com\/pt\/wp-json\/wp\/v2\/categories?post=200133"},{"taxonomy":"post_tag","embeddable":true,"href":"https:\/\/www.europesays.com\/pt\/wp-json\/wp\/v2\/tags?post=200133"}],"curies":[{"name":"wp","href":"https:\/\/api.w.org\/{rel}","templated":true}]}}