{"id":200171,"date":"2025-12-23T19:22:21","date_gmt":"2025-12-23T19:22:21","guid":{"rendered":"https:\/\/www.europesays.com\/pt\/200171\/"},"modified":"2025-12-23T19:22:21","modified_gmt":"2025-12-23T19:22:21","slug":"cristiano-ronaldo-e-georgina-compram-casa-de-luxo-no-mar-vermelho","status":"publish","type":"post","link":"https:\/\/www.europesays.com\/pt\/200171\/","title":{"rendered":"Cristiano Ronaldo e Georgina compram casa de luxo no Mar Vermelho"},"content":{"rendered":"<p data-remotead-prev-elm=\"true\" data-remotead-elm-id=\"inread\">Mais apaixonados do que nunca, Cristiano Ronaldo e Georgina Rodr\u00edguez adquiriram uma casa de luxo na ilha privada de Nujuma. Com vistas deslumbrantes e uma arquitetura moderna, a ilha, localizada no Mar Vermelho, s\u00f3 \u00e9 acess\u00edvel de barco ou hidroavi\u00e3o.<\/p>\n<p>Depois de terem passado f\u00e9rias no Mar Vermelho com os filhos em 2024, o casal, que sobe ao altar no pr\u00f3ximo ano, decidiu investir numa villa no Ritz-Carlton Reserve Residence. O resort de cinco estrelas \u00e9 composto por quartos de hotel e 19 resid\u00eancias, mas os pre\u00e7os s\u00e3o t\u00e3o salgados quanto o mar que os rodeia&#8230; A moradia mais &#8220;barata&#8221; custa cerca de 3 milh\u00f5es de euros, de acordo com a imobili\u00e1ria Sotheby&#8217;s, e uma noite no hotel pode superar os dois mil euros.<\/p>\n<p>Cada casa possui uma piscina privada e o complexo agrega ainda restaurantes, spa, gin\u00e1sio e v\u00e1rias atividades n\u00e1uticas, como paddleboard ou mergulho.<\/p>\n<p data-remotead-prev-elm=\"true\" data-remotead-elm-id=\"centro1\"><img decoding=\"async\" class=\"ngx-body\" guid=\"4ca640e9-7375-47ad-be26-114e5bf31c57\" src=\"https:\/\/www.europesays.com\/pt\/wp-content\/uploads\/2025\/12\/1766517738_599_image.webp\" width=\"100%\"\/><\/p>\n<p><img decoding=\"async\" class=\"ngx-body\" guid=\"f11bb1b8-b8b1-48ff-ae50-2ed8f7f2722c\" src=\"https:\/\/www.europesays.com\/pt\/wp-content\/uploads\/2025\/12\/1766517740_430_image.webp\" width=\"100%\"\/><\/p>\n<p><img decoding=\"async\" class=\"ngx-body\" guid=\"fdb12954-a21c-4f95-8cf8-b25cd9e0fa36\" src=\"https:\/\/www.europesays.com\/pt\/wp-content\/uploads\/2025\/12\/1766517741_832_image.webp\" width=\"100%\"\/><\/p>\n<p data-remotead-prev-elm=\"true\" data-remotead-elm-id=\"centro2\">Em declara\u00e7\u00f5es ao jornal &#8220;Saudi Gazette&#8221;, o internacional portugu\u00eas, de 40 anos, refor\u00e7ou que o Mar Vermelho &#8220;\u00e9 um lugar verdadeiramente extraordin\u00e1rio&#8221;. &#8220;Desde a nossa primeira visita, a Georgina e eu sentimos uma liga\u00e7\u00e3o com a ilha e a sua beleza natural; \u00e9 um lugar onde nos sentimos em paz. Agora que temos uma casa aqui, podemos desfrutar de tempo de qualidade em fam\u00edlia com total privacidade e tranquilidade&#8221;, destacou.<\/p>\n<p>Tamb\u00e9m John Pagano, diretor-executivo da empresa RedSea Global, respons\u00e1vel pelo empreendimento, reagiu com alegria \u00e0 decis\u00e3o do craque: &#8220;\u00c9 com grande prazer que damos as boas-vindas a Cristiano e Georgina \u00e0 comunidade do The Red Sea Residences. A sua decis\u00e3o de se tornarem propriet\u00e1rios aqui reflete o apelo do destino entre aqueles que procuram aventura com privacidade, luxo e natureza.&#8221;<\/p>\n","protected":false},"excerpt":{"rendered":"Mais apaixonados do que nunca, Cristiano Ronaldo e Georgina Rodr\u00edguez adquiriram uma casa de luxo na ilha privada&hellip;\n","protected":false},"author":2,"featured_media":200172,"comment_status":"","ping_status":"","sticky":false,"template":"","format":"standard","meta":{"footnotes":""},"categories":[145],"tags":[211,210,667,135,114,115,3509,39904,32,33],"class_list":{"0":"post-200171","1":"post","2":"type-post","3":"status-publish","4":"format-standard","5":"has-post-thumbnail","7":"category-celebridades","8":"tag-celebridades","9":"tag-celebrities","10":"tag-cristiano-ronaldo","11":"tag-desporto","12":"tag-entertainment","13":"tag-entretenimento","14":"tag-georgina-rodriguez","15":"tag-mar-vermelho","16":"tag-portugal","17":"tag-pt"},"share_on_mastodon":{"url":"https:\/\/pubeurope.com\/@pt\/115770513705528545","error":""},"_links":{"self":[{"href":"https:\/\/www.europesays.com\/pt\/wp-json\/wp\/v2\/posts\/200171","targetHints":{"allow":["GET"]}}],"collection":[{"href":"https:\/\/www.europesays.com\/pt\/wp-json\/wp\/v2\/posts"}],"about":[{"href":"https:\/\/www.europesays.com\/pt\/wp-json\/wp\/v2\/types\/post"}],"author":[{"embeddable":true,"href":"https:\/\/www.europesays.com\/pt\/wp-json\/wp\/v2\/users\/2"}],"replies":[{"embeddable":true,"href":"https:\/\/www.europesays.com\/pt\/wp-json\/wp\/v2\/comments?post=200171"}],"version-history":[{"count":0,"href":"https:\/\/www.europesays.com\/pt\/wp-json\/wp\/v2\/posts\/200171\/revisions"}],"wp:featuredmedia":[{"embeddable":true,"href":"https:\/\/www.europesays.com\/pt\/wp-json\/wp\/v2\/media\/200172"}],"wp:attachment":[{"href":"https:\/\/www.europesays.com\/pt\/wp-json\/wp\/v2\/media?parent=200171"}],"wp:term":[{"taxonomy":"category","embeddable":true,"href":"https:\/\/www.europesays.com\/pt\/wp-json\/wp\/v2\/categories?post=200171"},{"taxonomy":"post_tag","embeddable":true,"href":"https:\/\/www.europesays.com\/pt\/wp-json\/wp\/v2\/tags?post=200171"}],"curies":[{"name":"wp","href":"https:\/\/api.w.org\/{rel}","templated":true}]}}