{"id":200173,"date":"2025-12-23T19:25:09","date_gmt":"2025-12-23T19:25:09","guid":{"rendered":"https:\/\/www.europesays.com\/pt\/200173\/"},"modified":"2025-12-23T19:25:09","modified_gmt":"2025-12-23T19:25:09","slug":"liliana-arrasa-o-casal-pedro-e-marisa-nao-ha-nada-de-verdadeiro-aqui-tvi","status":"publish","type":"post","link":"https:\/\/www.europesays.com\/pt\/200173\/","title":{"rendered":"Liliana arrasa o casal Pedro e Marisa: \u00abN\u00e3o h\u00e1 nada de verdadeiro aqui\u00bb &#8211; TVI"},"content":{"rendered":"<ol>\n<li><a href=\"https:\/\/news.google.com\/rss\/articles\/CBMiywFBVV95cUxNUFh1R2FxX2V4OG5zSkdBOUZ0QzF2aUc3NXY5Sk8xVG9RY09kNVVHYkNIR3Ytb3FGR1lVVm1lMnZRM09qV1V1V2h2TDNDX3VlNnVQYlByWW1VaFV1YVpaV193MlF2X1c2OW1hRjhZTmNPRnZGdXlSaWhXanlJMGhsLVMwVUxLY2lVYk0xbVZpVmxUNjdwOVR4cDVyWURpWUdydTRJM2h0bUFqRW1ZYk9OWWFac0s0dDZLa2h1RFprSXZRSmZCc0F2TkE3bw?oc=5\" target=\"_blank\" rel=\"nofollow noopener\">Liliana arrasa o casal Pedro e Marisa: \u00abN\u00e3o h\u00e1 nada de verdadeiro aqui\u00bb<\/a>&nbsp;&nbsp;TVI<\/li>\n<li><a href=\"https:\/\/news.google.com\/rss\/articles\/CBMiqAFBVV95cUxPUkpIZFhDUDVOZHM4YXFDUmVpMGFKQ29VYnlrRFFRTk90R25sNzVncXVyUkpuWFI4bGNiS24wTmNTS3M2OGV3dC1ORnJSV0EwNTlla1Z2NkxldS04Z20yd3h0ZlhtVlpXLUxaaDdSX1F4aUswaUpOd0Z4NVZ3NURfaG9wTXEwaG9RVnVZZTdYczlzMVdTZTUtRnhKTE5vcG5sOVNubzFRQ3M?oc=5\" target=\"_blank\" rel=\"nofollow noopener\">Enquanto Leandro descansa, Liliana pinta-lhe a cara<\/a>&nbsp;&nbsp;Not\u00edcias de hoje &#8211; IOL<\/li>\n<li><a href=\"https:\/\/news.google.com\/rss\/articles\/CBMi6wFBVV95cUxORXU1NDdFcEpYVE95NkdWQXB1OEt3QUVsUXNQSlhrNFF6alY0alA3RWZNRFpMNGFvQmU1ZnlvcTEyVXNtUWhJcnRkRGhkUE9CSkpJRXFVRzdaQ1lHNVBsWkJQVkROZGhoV2lJWDRwdEVWMjR2LWJ4N183VWdqNUdSaGQ5THZBZkdOODZBRXhYUGFubnJWdGZnVW5xM1FOTjIzamk2eGV6X2RfNWUtbEw5dkk4bG1oWmg5VDRiTXNYOEQzZkVkS0IxZVhiUjZNajBCN1Q4S1NJWmZBLUJvcDF4bmFweE9qelVfR2FJ?oc=5\" target=\"_blank\" rel=\"nofollow noopener\">Liliana insatisfeita com o presente que Leandro lhe atribuiu: \u00abNunca varri nada para debaixo do tapete\u00bb<\/a>&nbsp;&nbsp;Not\u00edcias de hoje &#8211; IOL<\/li>\n<li><a href=\"https:\/\/news.google.com\/rss\/articles\/CBMigwJBVV95cUxNTVBWZ1daUDJaUnBIT05pODF6NnZxOEhNdmZzQmhfZDVRWFJyek9qbnh4NXlhRk54OWdmQUdmZHgzdUtJdGl2NktPdDNJUEFtWnVULXpZWVdkckNJVTJrWl9ERHRjRzA1T0p3eTIxb3B5RHZRbVZKNkRBZWxEWF9obmRWbUFMMlA4cjF6bmZZV1MwemRBRHhuVjl4c2hHajg4Q3lNUU1yeUc0NGxlZXBVOFZtbk84cFBYeVpTLXhtX1RPYTVCdnhjd1c0WU50Mzlad0xLUU1OQ19BSFZLQnBDRUJBLUtrY19SVEU3cE5sdjVYUlJXdUFZTEk3ZHplSTUwUFBF?oc=5\" target=\"_blank\" rel=\"nofollow noopener\">O verniz estalou. In\u00eas e Liliana em confronto direto: \u00abV\u00ea-te ao espelho primeiro antes de falares da minha pessoa\u00bb<\/a>&nbsp;&nbsp;TVI<\/li>\n<li><a href=\"https:\/\/news.google.com\/rss\/articles\/CBMi4AFBVV95cUxNb0ZfRXY4UDRnWFJsdDd6SDBYc1dRNUtvOF9fRnpVSXRJcFlUVXk4QmtsaWhWdGVsNnYzaUdPY1RjREVZeEtDVlF3dDJFTExkRUVWb29iYUZ3MHdOb09CeTdnSVZSNHBSNDRQbmhxd1dmTVdhN3FzOVdqbWM3cUR0TFY2NWRDRHRiMVV0UnlqcjFfTF9SM0pPbHFfdTludmctTmJySWxEa19IYnprYU9mdzhlcW85UVIxOUFzcV9YeFZJd1BpTmJBb0NaLTZ5eTYxdWhzLWlvN1RZX2lNbUVrYw?oc=5\" target=\"_blank\" rel=\"nofollow noopener\">A arder. Liliana, Marisa e Pedro em confronto aceso: \u00abPor isso \u00e9 que o teu namorado est\u00e1 l\u00e1 fora\u00bb<\/a>&nbsp;&nbsp;Not\u00edcias de hoje &#8211; IOL<\/li>\n<\/ol>\n","protected":false},"excerpt":{"rendered":"Liliana arrasa o casal Pedro e Marisa: \u00abN\u00e3o h\u00e1 nada de verdadeiro aqui\u00bb&nbsp;&nbsp;TVI Enquanto Leandro descansa, Liliana pinta-lhe&hellip;\n","protected":false},"author":2,"featured_media":200174,"comment_status":"","ping_status":"","sticky":false,"template":"","format":"standard","meta":{"footnotes":""},"categories":[142],"tags":[19374,19373,114,115,19016,19184,14646,19375,32,33,151],"class_list":{"0":"post-200173","1":"post","2":"type-post","3":"status-publish","4":"format-standard","5":"has-post-thumbnail","7":"category-tv","8":"tag-confrontos-concorrentes","9":"tag-discussoes-secret-story","10":"tag-entertainment","11":"tag-entretenimento","12":"tag-liliana","13":"tag-marisa","14":"tag-pedro","15":"tag-polemicas","16":"tag-portugal","17":"tag-pt","18":"tag-tv"},"share_on_mastodon":{"url":"https:\/\/pubeurope.com\/@pt\/115770525259888328","error":""},"_links":{"self":[{"href":"https:\/\/www.europesays.com\/pt\/wp-json\/wp\/v2\/posts\/200173","targetHints":{"allow":["GET"]}}],"collection":[{"href":"https:\/\/www.europesays.com\/pt\/wp-json\/wp\/v2\/posts"}],"about":[{"href":"https:\/\/www.europesays.com\/pt\/wp-json\/wp\/v2\/types\/post"}],"author":[{"embeddable":true,"href":"https:\/\/www.europesays.com\/pt\/wp-json\/wp\/v2\/users\/2"}],"replies":[{"embeddable":true,"href":"https:\/\/www.europesays.com\/pt\/wp-json\/wp\/v2\/comments?post=200173"}],"version-history":[{"count":0,"href":"https:\/\/www.europesays.com\/pt\/wp-json\/wp\/v2\/posts\/200173\/revisions"}],"wp:featuredmedia":[{"embeddable":true,"href":"https:\/\/www.europesays.com\/pt\/wp-json\/wp\/v2\/media\/200174"}],"wp:attachment":[{"href":"https:\/\/www.europesays.com\/pt\/wp-json\/wp\/v2\/media?parent=200173"}],"wp:term":[{"taxonomy":"category","embeddable":true,"href":"https:\/\/www.europesays.com\/pt\/wp-json\/wp\/v2\/categories?post=200173"},{"taxonomy":"post_tag","embeddable":true,"href":"https:\/\/www.europesays.com\/pt\/wp-json\/wp\/v2\/tags?post=200173"}],"curies":[{"name":"wp","href":"https:\/\/api.w.org\/{rel}","templated":true}]}}