{"id":200187,"date":"2025-12-23T19:33:08","date_gmt":"2025-12-23T19:33:08","guid":{"rendered":"https:\/\/www.europesays.com\/pt\/200187\/"},"modified":"2025-12-23T19:33:08","modified_gmt":"2025-12-23T19:33:08","slug":"mulher-detida-na-florida-por-matar-dois-ex-maridos-no-mesmo-dia","status":"publish","type":"post","link":"https:\/\/www.europesays.com\/pt\/200187\/","title":{"rendered":"Mulher detida na Florida por matar dois ex-maridos no mesmo dia"},"content":{"rendered":"<p data-remotead-prev-elm=\"true\" data-remotead-elm-id=\"inread\">Susan Avalon, de 51 anos, foi detida na sua casa, no condado de Citrus, depois de a pol\u00edcia ter encontrado uma das v\u00edtimas com ferimentos de bala na quarta-feira passada.<\/p>\n<p>Antes de morrer no hospital, horas depois, o homem disse aos pol\u00edcias que uma pessoa, que identificou como a sua ex-mulher, bateu \u00e0 sua porta e disparou contra ele em frente \u00e0 filha do casal.<\/p>\n<p>No \u00e2mbito da investiga\u00e7\u00e3o, a pol\u00edcia relacionou Avalon com outro homic\u00eddio, no qual o seu outro ex-marido morreu no mesmo dia, tamb\u00e9m devido a ferimentos de bala, avan\u00e7ou hoje o xerife do condado de Manatee, Rick Wells, em confer\u00eancia de imprensa.<\/p>\n<p data-remotead-prev-elm=\"true\" data-remotead-elm-id=\"centro1\">O xerife adiantou que ser\u00e1 pedida pena de morte para a mulher.<\/p>\n<p>As autoridades descobriram a liga\u00e7\u00e3o entre os dois crimes durante os interrogat\u00f3rios.<\/p>\n<p>&#8220;Os detetives informaram-na que estavam ali para falar sobre o seu ex-marido e ela perguntou: &#8220;Qual deles?&#8221;&#8221;, explicou Rick Wells.<\/p>\n<p>Avalon n\u00e3o revelou os motivos dos homic\u00eddios, acrescentou o xerife, que especificou que a mulher j\u00e1 tinha sido detida anteriormente por abuso de menores e disputas de cust\u00f3dia.<\/p>\n","protected":false},"excerpt":{"rendered":"Susan Avalon, de 51 anos, foi detida na sua casa, no condado de Citrus, depois de a pol\u00edcia&hellip;\n","protected":false},"author":2,"featured_media":200188,"comment_status":"","ping_status":"","sticky":false,"template":"","format":"standard","meta":{"footnotes":""},"categories":[50],"tags":[27,28,604,15,16,1622,14,25,26,21,22,62,12,13,19,20,23,24,17,18,29,30,31,63,64,65],"class_list":{"0":"post-200187","1":"post","2":"type-post","3":"status-publish","4":"format-standard","5":"has-post-thumbnail","7":"category-mundo","8":"tag-breaking-news","9":"tag-breakingnews","10":"tag-crime","11":"tag-featured-news","12":"tag-featurednews","13":"tag-florida","14":"tag-headlines","15":"tag-latest-news","16":"tag-latestnews","17":"tag-main-news","18":"tag-mainnews","19":"tag-mundo","20":"tag-news","21":"tag-noticias","22":"tag-noticias-principais","23":"tag-noticiasprincipais","24":"tag-principais-noticias","25":"tag-principaisnoticias","26":"tag-top-stories","27":"tag-topstories","28":"tag-ultimas","29":"tag-ultimas-noticias","30":"tag-ultimasnoticias","31":"tag-world","32":"tag-world-news","33":"tag-worldnews"},"share_on_mastodon":{"url":"https:\/\/pubeurope.com\/@pt\/115770556746994553","error":""},"_links":{"self":[{"href":"https:\/\/www.europesays.com\/pt\/wp-json\/wp\/v2\/posts\/200187","targetHints":{"allow":["GET"]}}],"collection":[{"href":"https:\/\/www.europesays.com\/pt\/wp-json\/wp\/v2\/posts"}],"about":[{"href":"https:\/\/www.europesays.com\/pt\/wp-json\/wp\/v2\/types\/post"}],"author":[{"embeddable":true,"href":"https:\/\/www.europesays.com\/pt\/wp-json\/wp\/v2\/users\/2"}],"replies":[{"embeddable":true,"href":"https:\/\/www.europesays.com\/pt\/wp-json\/wp\/v2\/comments?post=200187"}],"version-history":[{"count":0,"href":"https:\/\/www.europesays.com\/pt\/wp-json\/wp\/v2\/posts\/200187\/revisions"}],"wp:featuredmedia":[{"embeddable":true,"href":"https:\/\/www.europesays.com\/pt\/wp-json\/wp\/v2\/media\/200188"}],"wp:attachment":[{"href":"https:\/\/www.europesays.com\/pt\/wp-json\/wp\/v2\/media?parent=200187"}],"wp:term":[{"taxonomy":"category","embeddable":true,"href":"https:\/\/www.europesays.com\/pt\/wp-json\/wp\/v2\/categories?post=200187"},{"taxonomy":"post_tag","embeddable":true,"href":"https:\/\/www.europesays.com\/pt\/wp-json\/wp\/v2\/tags?post=200187"}],"curies":[{"name":"wp","href":"https:\/\/api.w.org\/{rel}","templated":true}]}}