{"id":200189,"date":"2025-12-23T19:34:10","date_gmt":"2025-12-23T19:34:10","guid":{"rendered":"https:\/\/www.europesays.com\/pt\/200189\/"},"modified":"2025-12-23T19:34:10","modified_gmt":"2025-12-23T19:34:10","slug":"esta-em-causa-a-liberdade-de-expressao-ventura-diz-que-vai-recorrer-da-ordem-de-retirada-de-cartazes","status":"publish","type":"post","link":"https:\/\/www.europesays.com\/pt\/200189\/","title":{"rendered":"&#8220;Est\u00e1 em causa a liberdade de express\u00e3o&#8221;. Ventura diz que vai recorrer da ordem de retirada de cartazes"},"content":{"rendered":"<p>&#13;<br \/>\nPara Andr\u00e9 Ventura, a liberdade de express\u00e3o e a\u00e7\u00e3o pol\u00edtica &#8220;entra diretamente na campanha e afeta o desenrolar da campanha toda, e n\u00e3o \u00e9 ao tribunal que compete determinar como \u00e9 que a campanha eleitoral segue o seu caminho&#8221;.&#13;\n<\/p>\n<p>&#13;<br \/>\nNesse sentido, o candidato e presidente do Chega anunciou: &#8220;Decidimos, ainda hoje, entre hoje e amanh\u00e3, submeter ao tribunal um requerimento dando indica\u00e7\u00e3o de que vamos recorrer, porque est\u00e1 em causa a liberdade de express\u00e3o e de a\u00e7\u00e3o pol\u00edtica&#8221;, disse o candidato aos jornalistas na Pra\u00e7a Gomes Teixeira, no centro do Porto, antes de uma a\u00e7\u00e3o de pr\u00e9-campanha para as elei\u00e7\u00f5es presidenciais de 18 de janeiro.&#13;\n<\/p>\n<p>&#13;<br \/>\n&#8220;Isso \u00e9 uma decis\u00e3o grave e irrevers\u00edvel nos seus efeitos, porque se os cartazes forem retirados agora e ficarmos \u00e0 espera do recurso, quando vier o recurso j\u00e1 acabou a campanha eleitoral&#8221;, argumentou.<\/p>\n<p>          <img decoding=\"async\" itemprop=\"image\" class=\"img-fluid\"   src=\"https:\/\/www.europesays.com\/pt\/wp-content\/uploads\/2025\/12\/e6b2f190e4bdfd16388a2bb8e0aed5df_N.jpg\"\/><\/p>\n<p>&#13;<br \/>\nQuestionado sobre se o mesmo argumento n\u00e3o se aplica \u00e0 ordem de retirada dos cartazes, feitos precisamente no \u00e2mbito da campanha eleitoral, Andr\u00e9 Ventura disse que \u00e9 necess\u00e1rio &#8220;ver qual \u00e9 o valor mais importante&#8221;, defendendo a liberdade de express\u00e3o e equiparando a situa\u00e7\u00e3o ao caso dos cartazes que visaram o primeiro-ministro, Lu\u00eds Montenegro, que apontavam para &#8220;50 anos de corrup\u00e7\u00e3o&#8221;.&#13;\n<\/p>\n<p>&#13;<br \/>\n&#8220;N\u00e3o era uma etnia, n\u00e3o era uma ra\u00e7a, era uma pessoa. Bem ou mal, eu escolhi p\u00f4r aquele cartaz. O primeiro-ministro meteu-me um processo e o tribunal, em nome da liberdade da express\u00e3o, disse que gostando do cartaz ou n\u00e3o, tem que ser preservada a liberdade de express\u00e3o&#8221;, recordou.&#13;\n<\/p>\n<p>&#13;<br \/>\nAssim, para o l\u00edder do Chega, &#8220;o primeiro-ministro tem que levar com a liberdade de express\u00e3o&#8221;, mas &#8220;os ciganos n\u00e3o porque ficam ofendidos na sua etnia&#8221;.&#13;\n<\/p>\n<p>&#13;<br \/>\nVentura negou ainda que tenham sido retirados cartazes e apontou que foram apenas alteradas as mensagens, ap\u00f3s publicar num v\u00eddeo a substitui\u00e7\u00e3o nos mesmo cartazes da palavra &#8220;ciganos&#8221; por &#8220;censura&#8221;.&#13;\n<\/p>\n<p>&#13;<br \/>\nc\/ Lusa&#13;<\/p>\n","protected":false},"excerpt":{"rendered":"&#13; Para Andr\u00e9 Ventura, a liberdade de express\u00e3o e a\u00e7\u00e3o pol\u00edtica &#8220;entra diretamente na campanha e afeta o&hellip;\n","protected":false},"author":2,"featured_media":200190,"comment_status":"","ping_status":"","sticky":false,"template":"","format":"standard","meta":{"footnotes":""},"categories":[10],"tags":[27,28,15,16,14,25,26,21,22,12,13,19,20,32,23,24,33,420,421,17,18,29,30,31],"class_list":{"0":"post-200189","1":"post","2":"type-post","3":"status-publish","4":"format-standard","5":"has-post-thumbnail","7":"category-portugal","8":"tag-breaking-news","9":"tag-breakingnews","10":"tag-featured-news","11":"tag-featurednews","12":"tag-headlines","13":"tag-latest-news","14":"tag-latestnews","15":"tag-main-news","16":"tag-mainnews","17":"tag-news","18":"tag-noticias","19":"tag-noticias-principais","20":"tag-noticiasprincipais","21":"tag-portugal","22":"tag-principais-noticias","23":"tag-principaisnoticias","24":"tag-pt","25":"tag-rtp","26":"tag-rtp-noticias","27":"tag-top-stories","28":"tag-topstories","29":"tag-ultimas","30":"tag-ultimas-noticias","31":"tag-ultimasnoticias"},"share_on_mastodon":{"url":"https:\/\/pubeurope.com\/@pt\/115770560982068064","error":""},"_links":{"self":[{"href":"https:\/\/www.europesays.com\/pt\/wp-json\/wp\/v2\/posts\/200189","targetHints":{"allow":["GET"]}}],"collection":[{"href":"https:\/\/www.europesays.com\/pt\/wp-json\/wp\/v2\/posts"}],"about":[{"href":"https:\/\/www.europesays.com\/pt\/wp-json\/wp\/v2\/types\/post"}],"author":[{"embeddable":true,"href":"https:\/\/www.europesays.com\/pt\/wp-json\/wp\/v2\/users\/2"}],"replies":[{"embeddable":true,"href":"https:\/\/www.europesays.com\/pt\/wp-json\/wp\/v2\/comments?post=200189"}],"version-history":[{"count":0,"href":"https:\/\/www.europesays.com\/pt\/wp-json\/wp\/v2\/posts\/200189\/revisions"}],"wp:featuredmedia":[{"embeddable":true,"href":"https:\/\/www.europesays.com\/pt\/wp-json\/wp\/v2\/media\/200190"}],"wp:attachment":[{"href":"https:\/\/www.europesays.com\/pt\/wp-json\/wp\/v2\/media?parent=200189"}],"wp:term":[{"taxonomy":"category","embeddable":true,"href":"https:\/\/www.europesays.com\/pt\/wp-json\/wp\/v2\/categories?post=200189"},{"taxonomy":"post_tag","embeddable":true,"href":"https:\/\/www.europesays.com\/pt\/wp-json\/wp\/v2\/tags?post=200189"}],"curies":[{"name":"wp","href":"https:\/\/api.w.org\/{rel}","templated":true}]}}