{"id":20021,"date":"2025-08-07T16:46:08","date_gmt":"2025-08-07T16:46:08","guid":{"rendered":"https:\/\/www.europesays.com\/pt\/20021\/"},"modified":"2025-08-07T16:46:08","modified_gmt":"2025-08-07T16:46:08","slug":"meta-declara-guerra-ao-tiktok-com-duas-novas-funcionalidades-do-instagram","status":"publish","type":"post","link":"https:\/\/www.europesays.com\/pt\/20021\/","title":{"rendered":"Meta declara guerra ao TikTok com duas novas funcionalidades do Instagram"},"content":{"rendered":"<p>A Meta acaba de anunciar duas novas funcionalidades para o Instagram que prometem mudar a forma como marcas e criadores de conte\u00fado expandem as suas audi\u00eancias. A atualiza\u00e7\u00e3o traz ferramentas j\u00e1 conhecidas de quem utiliza plataformas como TikTok e Snapchat, refor\u00e7ando a tend\u00eancia de converg\u00eancia entre redes sociais concorrentes.<\/p>\n<p>A partir de agora, os utilizadores poder\u00e3o republicar Reels e publica\u00e7\u00f5es do feed de outros perfis p\u00fablicos, permitindo que esses conte\u00fados apare\u00e7am tanto nos feeds dos seus seguidores como numa nova zona dedicada no seu pr\u00f3prio perfil. Esta funcionalidade aproxima-se diretamente do repost do TikTok, lan\u00e7ado em 2021, e representa uma oportunidade valiosa para marcas alcan\u00e7arem p\u00fablicos al\u00e9m da sua base direta de seguidores.<\/p>\n<p>Outra novidade \u00e9 a partilha da localiza\u00e7\u00e3o ativa com amigos, que funciona mediante ativa\u00e7\u00e3o volunt\u00e1ria por parte do utilizador. Este recurso inspira-se claramente no Snap Map do Snapchat, permitindo ver a localiza\u00e7\u00e3o dos amigos quando estes t\u00eam a app aberta, uma ferramenta com potencial para refor\u00e7ar liga\u00e7\u00f5es entre utilizadores, mas tamb\u00e9m para impulsionar experi\u00eancias de marca baseadas em geolocaliza\u00e7\u00e3o.<\/p>\n<p>Estas mudan\u00e7as surgem num contexto de incerteza no mercado das redes sociais, especialmente nos Estados Unidos, onde o TikTok enfrenta press\u00f5es pol\u00edticas para separar os seus ativos da casa-m\u00e3e chinesa, a ByteDance. Essa instabilidade tem levado muitas marcas a diversificar as suas estrat\u00e9gias nas redes sociais, procurando novas formas de garantir visibilidade e retorno, seja por via org\u00e2nica ou paga.<\/p>\n<p>\u00a0<\/p>\n","protected":false},"excerpt":{"rendered":"A Meta acaba de anunciar duas novas funcionalidades para o Instagram que prometem mudar a forma como marcas&hellip;\n","protected":false},"author":2,"featured_media":20022,"comment_status":"","ping_status":"","sticky":false,"template":"","format":"standard","meta":{"footnotes":""},"categories":[84],"tags":[109,107,108,32,33,105,103,104,106,110],"class_list":{"0":"post-20021","1":"post","2":"type-post","3":"status-publish","4":"format-standard","5":"has-post-thumbnail","7":"category-ciencia-e-tecnologia","8":"tag-ciencia","9":"tag-ciencia-e-tecnologia","10":"tag-cienciaetecnologia","11":"tag-portugal","12":"tag-pt","13":"tag-science","14":"tag-science-and-technology","15":"tag-scienceandtechnology","16":"tag-technology","17":"tag-tecnologia"},"share_on_mastodon":{"url":"","error":""},"_links":{"self":[{"href":"https:\/\/www.europesays.com\/pt\/wp-json\/wp\/v2\/posts\/20021","targetHints":{"allow":["GET"]}}],"collection":[{"href":"https:\/\/www.europesays.com\/pt\/wp-json\/wp\/v2\/posts"}],"about":[{"href":"https:\/\/www.europesays.com\/pt\/wp-json\/wp\/v2\/types\/post"}],"author":[{"embeddable":true,"href":"https:\/\/www.europesays.com\/pt\/wp-json\/wp\/v2\/users\/2"}],"replies":[{"embeddable":true,"href":"https:\/\/www.europesays.com\/pt\/wp-json\/wp\/v2\/comments?post=20021"}],"version-history":[{"count":0,"href":"https:\/\/www.europesays.com\/pt\/wp-json\/wp\/v2\/posts\/20021\/revisions"}],"wp:featuredmedia":[{"embeddable":true,"href":"https:\/\/www.europesays.com\/pt\/wp-json\/wp\/v2\/media\/20022"}],"wp:attachment":[{"href":"https:\/\/www.europesays.com\/pt\/wp-json\/wp\/v2\/media?parent=20021"}],"wp:term":[{"taxonomy":"category","embeddable":true,"href":"https:\/\/www.europesays.com\/pt\/wp-json\/wp\/v2\/categories?post=20021"},{"taxonomy":"post_tag","embeddable":true,"href":"https:\/\/www.europesays.com\/pt\/wp-json\/wp\/v2\/tags?post=20021"}],"curies":[{"name":"wp","href":"https:\/\/api.w.org\/{rel}","templated":true}]}}