{"id":200250,"date":"2025-12-23T20:42:13","date_gmt":"2025-12-23T20:42:13","guid":{"rendered":"https:\/\/www.europesays.com\/pt\/200250\/"},"modified":"2025-12-23T20:42:13","modified_gmt":"2025-12-23T20:42:13","slug":"brooklyn-beckham-bloqueou-os-pais-nas-redes-sociais-observador","status":"publish","type":"post","link":"https:\/\/www.europesays.com\/pt\/200250\/","title":{"rendered":"Brooklyn Beckham bloqueou os pais nas redes sociais \u2013 Observador"},"content":{"rendered":"<p>Em outubro, uma fonte disse \u00e0 revista Us Weekly que Brooklyn \u201cn\u00e3o tinha interesse\u201d em fazer as pazes com a fam\u00edlia Beckham neste momento e que estava \u201crealmente focado em viver uma vida tranquila e sem dramas\u201d com Nicola Peltz.<\/p>\n<p>A tens\u00e3o na rela\u00e7\u00e3o da fam\u00edlia Beckham come\u00e7ou em 2022 aquando do casamento de Brooklyn com Nicola. Na altura, a atriz norte-americana optou por n\u00e3o usar um dos vestidos de noiva desenhados por Victoria Beckham, ao contr\u00e1rio do que inicialmente tinha planeado fazer, e acabou por levar um modelo da Valentino. J\u00e1 no pr\u00f3prio dia do casamento, Victoria ter\u00e1 roubado o momento da primeira dan\u00e7a dos rec\u00e9m-casados quando o cantor Marc Anthony, que interpretaria a m\u00fasica para aquele momento, homenagou a ex-Spice em palco: \u201cAntes da m\u00fasica come\u00e7ar, Marc Anthony pediu a Brooklyn para subir ao palco e ent\u00e3o anunciou: \u2018A mulher mais bonita da sala esta noite, venha c\u00e1\u2026 Victoria Beckham!\u2019\u201d, disse uma fonte \u00e0 <a href=\"https:\/\/people.com\/david-beckham-victoria-beckham-brooklyn-beckham-dont-follow-each-other-on-instagram-11874031\" rel=\"nofollow noopener\" target=\"_blank\">People<\/a>, acrescentando que Nicola ter\u00e1 \u201csa\u00eddo da sala a chorar\u201d.<\/p>\n<p>Quando David Beckham comemorou o seu 50.\u00ba anivers\u00e1rio em maio deste ano com uma festa em Londres, apenas os filhos mais novos marcaram presen\u00e7a, com Brooklyn e a mulher a faltar apesar de terem recebido um convite para o evento. \u00c0 People, uma fonte avan\u00e7ou que Brooklyn e Nicola optaram por n\u00e3o comparecer no anivers\u00e1rio do ex-futebolista por causa da namorada de Romeo, Kim Turnbull, que j\u00e1 teve um relacionamento com Brooklyn. No entanto, Cruz respondeu a um coment\u00e1rio de uma publica\u00e7\u00e3o no Instagram\u00a0afirmando que \u201cBrooklyn e Kim nunca namoraram\u201d.<\/p>\n<p>J\u00e1 no m\u00eas passado o casal tamb\u00e9m n\u00e3o marcou presen\u00e7a na cerim\u00f3nia de condecora\u00e7\u00e3o de David Beckham no Castelo de Windsor, nomeado pelo rei Carlos III cavaleiro por servi\u00e7os prestados ao desporto e \u00e0 caridade. A acrescentar, nenhum dos Beckhams esteve presente quando o casal renovou os votos de casamento em agosto e n\u00e3o s\u00e3o fotografados todos juntos desde o dia a seguir ao Natal do ano passado.<\/p>\n","protected":false},"excerpt":{"rendered":"Em outubro, uma fonte disse \u00e0 revista Us Weekly que Brooklyn \u201cn\u00e3o tinha interesse\u201d em fazer as pazes&hellip;\n","protected":false},"author":2,"featured_media":200251,"comment_status":"","ping_status":"","sticky":false,"template":"","format":"standard","meta":{"footnotes":""},"categories":[145],"tags":[211,210,114,115,186,32,33],"class_list":{"0":"post-200250","1":"post","2":"type-post","3":"status-publish","4":"format-standard","5":"has-post-thumbnail","7":"category-celebridades","8":"tag-celebridades","9":"tag-celebrities","10":"tag-entertainment","11":"tag-entretenimento","12":"tag-lifestyle","13":"tag-portugal","14":"tag-pt"},"share_on_mastodon":{"url":"https:\/\/pubeurope.com\/@pt\/115770827906766407","error":""},"_links":{"self":[{"href":"https:\/\/www.europesays.com\/pt\/wp-json\/wp\/v2\/posts\/200250","targetHints":{"allow":["GET"]}}],"collection":[{"href":"https:\/\/www.europesays.com\/pt\/wp-json\/wp\/v2\/posts"}],"about":[{"href":"https:\/\/www.europesays.com\/pt\/wp-json\/wp\/v2\/types\/post"}],"author":[{"embeddable":true,"href":"https:\/\/www.europesays.com\/pt\/wp-json\/wp\/v2\/users\/2"}],"replies":[{"embeddable":true,"href":"https:\/\/www.europesays.com\/pt\/wp-json\/wp\/v2\/comments?post=200250"}],"version-history":[{"count":0,"href":"https:\/\/www.europesays.com\/pt\/wp-json\/wp\/v2\/posts\/200250\/revisions"}],"wp:featuredmedia":[{"embeddable":true,"href":"https:\/\/www.europesays.com\/pt\/wp-json\/wp\/v2\/media\/200251"}],"wp:attachment":[{"href":"https:\/\/www.europesays.com\/pt\/wp-json\/wp\/v2\/media?parent=200250"}],"wp:term":[{"taxonomy":"category","embeddable":true,"href":"https:\/\/www.europesays.com\/pt\/wp-json\/wp\/v2\/categories?post=200250"},{"taxonomy":"post_tag","embeddable":true,"href":"https:\/\/www.europesays.com\/pt\/wp-json\/wp\/v2\/tags?post=200250"}],"curies":[{"name":"wp","href":"https:\/\/api.w.org\/{rel}","templated":true}]}}