{"id":200268,"date":"2025-12-23T20:57:13","date_gmt":"2025-12-23T20:57:13","guid":{"rendered":"https:\/\/www.europesays.com\/pt\/200268\/"},"modified":"2025-12-23T20:57:13","modified_gmt":"2025-12-23T20:57:13","slug":"esposa-de-bruce-willis-relata-como-a-doenca-do-ator-transformou-o-natal-da-familia","status":"publish","type":"post","link":"https:\/\/www.europesays.com\/pt\/200268\/","title":{"rendered":"Esposa de Bruce Willis relata como a doen\u00e7a do ator transformou o Natal da fam\u00edlia"},"content":{"rendered":"<p>Esposa de\u00a0<a href=\"https:\/\/caras.com.br\/tags\/bruce-willis\" rel=\"nofollow noopener\" target=\"_blank\"><strong>Bruce Willis<\/strong><\/a>,\u00a0<strong><a href=\"https:\/\/caras.com.br\/tags\/emma-heming-willis\" rel=\"nofollow noopener\" target=\"_blank\">Emma Heming Willis<\/a><\/strong> abriu o cora\u00e7\u00e3o ao falar sobre as mudan\u00e7as nas tradi\u00e7\u00f5es familiares durante as festas de fim de ano ap\u00f3s o ator ser <a href=\"https:\/\/caras.com.br\/bem-estar\/por-que-bruce-willis-nao-mora-mais-com-familia-esposa-do-ator-explica-decisao.phtml\" rel=\"nofollow noopener\" target=\"_blank\">diagnosticado com dem\u00eancia frontotemporal<\/a>. Em uma publica\u00e7\u00e3o nas redes sociais, ela comentou os esfor\u00e7os para preservar <a href=\"https:\/\/caras.com.br\/bem-estar\/esposa-de-bruce-willis-desabafa-sobre-doenca-do-ator-como-se-fosse-um-longo-adeus.phtml\" rel=\"nofollow noopener\" target=\"_blank\">momentos de afeto e conex\u00e3o.<\/a><\/p>\n<p>Ela iniciou o texto refletindo sobre como as festas de fim de ano nos convidam a pensar. \u201cQuando voc\u00ea cuida de algu\u00e9m com dem\u00eancia, esse reflexo pode se tornar especialmente doloroso. Tradi\u00e7\u00f5es que antes pareciam quase autom\u00e1ticas passam a exigir planejamento \u2014 muito planejamento\u201d. <\/p>\n<p>\u201cMomentos que traziam uma alegria simples chegam agora entrela\u00e7ados a um sentimento de luto. Eu sei disso porque estou vivendo isso. Ainda assim, h\u00e1 significado. H\u00e1 acolhimento. H\u00e1 alegria poss\u00edvel. Aprendi que as festas n\u00e3o desaparecem quando a dem\u00eancia entra na sua vida. Elas se transformam\u201d, complementou.<\/p>\n<p> Sentimento de tristeza <\/p>\n<p>Em seguida, falou sobre o luto. \u201cAntes de qualquer coisa, \u00e9 importante dizer: \u00e9 permitido sentir luto. O luto n\u00e3o pertence apenas \u00e0 morte. Ele tamb\u00e9m nasce da mudan\u00e7a e da perda amb\u00edgua t\u00e3o familiar para quem cuida. Ele surge quando nos damos conta de que as coisas n\u00e3o v\u00e3o mais acontecer como antes, quando percebemos a aus\u00eancia de rotinas, conversas ou pap\u00e9is que eram t\u00e3o naturais que jamais imaginamos que um dia terminariam\u201d.<\/p>\n<p>E relembrou como a fam\u00edlia costumava comemorar a data antes do diagn\u00f3stico. \u201cEle amava essa \u00e9poca \u2014 a energia, o tempo em fam\u00edlia, as tradi\u00e7\u00f5es. Era ele quem fazia as panquecas, quem chamava as crian\u00e7as para sair na neve, quem atravessava a casa com aquela presen\u00e7a firme enquanto o dia se desenrolava. Havia conforto em saber exatamente como tudo aconteceria, especialmente porque eu sou uma pessoa de h\u00e1bitos. A dem\u00eancia n\u00e3o apaga essas mem\u00f3rias. Mas cria uma dist\u00e2ncia entre o que foi e o que \u00e9 agora. E essa dist\u00e2ncia pode doer\u201d.<\/p>\n<p> Bruce Willis n\u00e3o mora mais com a fam\u00edlia <\/p>\n<p>Devido ao diagn\u00f3stico de dem\u00eancia frontotemporal, a esposa de Bruce Willis resolveu deix\u00e1-lo em uma outra resid\u00eancia adaptada \u00e0s suas necessidades. Atualmente, o astro mora em um im\u00f3vel bem pr\u00f3ximo de onde a esposa e as duas filhas do casal, <strong>Mabel<\/strong>, 13 anos, e\u00a0<strong>Evelyn<\/strong>, 11, residem.<\/p>\n<p>Al\u00e9m das adolescentes, frutos da atual uni\u00e3o com Emma Heming, Bruce Willis tamb\u00e9m \u00e9 pai de\u00a0<strong>Tallulah<\/strong>,\u00a0<strong>Rumer<\/strong>\u00a0e\u00a0<strong>Scout Willis<\/strong>, do antigo casamento com a atriz\u00a0<strong>Demi Moore<\/strong>.<\/p>\n<p><strong>Leia tamb\u00e9m<\/strong>:\u00a0<a href=\"https:\/\/caras.com.br\/bem-estar\/demi-moore-desabafa-sobre-saude-de-bruce-willis-dificil-ver-alguem-tao-forte-mudar.phtml\" rel=\"nofollow noopener\" target=\"_blank\">Demi Moore desabafa sobre sa\u00fade de Bruce Willis: \u2018Dif\u00edcil ver algu\u00e9m t\u00e3o forte mudar\u2019<\/a><\/p>\n<blockquote class=\"instagram-media\" style=\"background: #FFF; border: 0; border-radius: 3px; box-shadow: 0 0 1px 0 rgba(0,0,0,0.5),0 1px 10px 0 rgba(0,0,0,0.15); margin: 1px; max-width: 540px; min-width: 326px; padding: 0; width: calc(100% - 2px);\" data-instgrm-captioned=\"\" data-instgrm-permalink=\"https:\/\/www.instagram.com\/p\/DSfYzdllHz8\/?utm_source=ig_embed&amp;utm_campaign=loading\" data-instgrm-version=\"14\"><\/blockquote>\n<p>        <a href=\"https:\/\/caras.com.br\/autor\/juliana-dracz\" rel=\"nofollow noopener\" target=\"_blank\">&#13;<br \/>\n          <img loading=\"lazy\" decoding=\"async\" alt=\"Juliana Dracz\" src=\"https:\/\/www.europesays.com\/pt\/wp-content\/uploads\/2025\/09\/436551461_2434711450057729_5105646040807821088_n_sqmd.png\" class=\"avatar avatar-115 photo rounded-circle\" height=\"115\" width=\"115\"\/>        <\/a><\/p>\n<p>Juliana Dracz \u00e9 rep\u00f3rter de conte\u00fado do site CARAS. Formada em Jornalismo pela Universidade Cat\u00f3lica de Bras\u00edlia, ela j\u00e1 trabalhou em grandes sites de entretenimento. Atualmente, escreve sobre novelas, celebridades e TV.<\/p>\n<ul class=\"terms-list post_tag list-inline\">\n<li class=\"bruce-willis list-inline-item\">\n\t\t\t\t\t<a href=\"https:\/\/caras.com.br\/tags\/bruce-willis\" class=\"item-category\" rel=\"nofollow noopener\" target=\"_blank\">Bruce Willis<\/a>\n\t\t\t\t<\/li>\n<li class=\"emma-heming-willis list-inline-item\">\n\t\t\t\t\t<a href=\"https:\/\/caras.com.br\/tags\/emma-heming-willis\" class=\"item-category\" rel=\"nofollow noopener\" target=\"_blank\">Emma Heming Willis<\/a>\n\t\t\t\t<\/li>\n<\/ul>\n<p>\t                                            <script async src=\"\/\/www.instagram.com\/embed.js\"><\/script><\/p>\n","protected":false},"excerpt":{"rendered":"Esposa de\u00a0Bruce Willis,\u00a0Emma Heming Willis abriu o cora\u00e7\u00e3o ao falar sobre as mudan\u00e7as nas tradi\u00e7\u00f5es familiares durante as&hellip;\n","protected":false},"author":2,"featured_media":200269,"comment_status":"","ping_status":"","sticky":false,"template":"","format":"standard","meta":{"footnotes":""},"categories":[145],"tags":[5707,211,210,22973,114,115,32,33],"class_list":{"0":"post-200268","1":"post","2":"type-post","3":"status-publish","4":"format-standard","5":"has-post-thumbnail","7":"category-celebridades","8":"tag-bruce-willis","9":"tag-celebridades","10":"tag-celebrities","11":"tag-emma-heming-willis","12":"tag-entertainment","13":"tag-entretenimento","14":"tag-portugal","15":"tag-pt"},"share_on_mastodon":{"url":"https:\/\/pubeurope.com\/@pt\/115770887247819172","error":""},"_links":{"self":[{"href":"https:\/\/www.europesays.com\/pt\/wp-json\/wp\/v2\/posts\/200268","targetHints":{"allow":["GET"]}}],"collection":[{"href":"https:\/\/www.europesays.com\/pt\/wp-json\/wp\/v2\/posts"}],"about":[{"href":"https:\/\/www.europesays.com\/pt\/wp-json\/wp\/v2\/types\/post"}],"author":[{"embeddable":true,"href":"https:\/\/www.europesays.com\/pt\/wp-json\/wp\/v2\/users\/2"}],"replies":[{"embeddable":true,"href":"https:\/\/www.europesays.com\/pt\/wp-json\/wp\/v2\/comments?post=200268"}],"version-history":[{"count":0,"href":"https:\/\/www.europesays.com\/pt\/wp-json\/wp\/v2\/posts\/200268\/revisions"}],"wp:featuredmedia":[{"embeddable":true,"href":"https:\/\/www.europesays.com\/pt\/wp-json\/wp\/v2\/media\/200269"}],"wp:attachment":[{"href":"https:\/\/www.europesays.com\/pt\/wp-json\/wp\/v2\/media?parent=200268"}],"wp:term":[{"taxonomy":"category","embeddable":true,"href":"https:\/\/www.europesays.com\/pt\/wp-json\/wp\/v2\/categories?post=200268"},{"taxonomy":"post_tag","embeddable":true,"href":"https:\/\/www.europesays.com\/pt\/wp-json\/wp\/v2\/tags?post=200268"}],"curies":[{"name":"wp","href":"https:\/\/api.w.org\/{rel}","templated":true}]}}