{"id":20027,"date":"2025-08-07T16:53:07","date_gmt":"2025-08-07T16:53:07","guid":{"rendered":"https:\/\/www.europesays.com\/pt\/20027\/"},"modified":"2025-08-07T16:53:07","modified_gmt":"2025-08-07T16:53:07","slug":"fotografo-fernando-antonio-retrata-barra-e-ondina-em-livro-que-revela-novos-angulos-de-salvador","status":"publish","type":"post","link":"https:\/\/www.europesays.com\/pt\/20027\/","title":{"rendered":"Fot\u00f3grafo Fernando Antonio retrata Barra e Ondina em livro que revela novos \u00e2ngulos de Salvador"},"content":{"rendered":"<p>Com <strong>imagens in\u00e9ditas<\/strong> e um olhar autoral sobre dois dos bairros mais emblem\u00e1ticos de Salvador, o <strong>fot\u00f3grafo Fernando Antonio<\/strong> prepara o lan\u00e7amento de seu primeiro livro, <strong>\u201cDa Barra \u00e0 Ondina: Por C\u00e9u, Terra e Mar\u201d.<\/strong><\/p>\n<p>A obra, que ser\u00e1 pela Sobregentes Editora, re\u00fane <strong>142 p\u00e1ginas de registros feitos ao longo dos \u00faltimos dez anos,<\/strong> per\u00edodo em que o artista aprofundou sua rela\u00e7\u00e3o com a capital baiana.<\/p>\n<p><img fetchpriority=\"high\" decoding=\"async\" aria-describedby=\"caption-attachment-179421\" class=\"size-medium wp-image-179421\" src=\"https:\/\/www.europesays.com\/pt\/wp-content\/uploads\/2025\/08\/IMG_8868-720x518.jpeg\" alt=\"Foto: Divulga\u00e7\u00e3o\" width=\"720\" height=\"518\"  \/><\/p>\n<p id=\"caption-attachment-179421\" class=\"wp-caption-text\">Foto: Divulga\u00e7\u00e3o<\/p>\n<p>Morador de Salvador h\u00e1 25 anos e residente da Barra nos \u00faltimos 18, Fernando capturou a cidade a partir de m\u00faltiplas perspectivas, com drones, c\u00e2meras terrestres e equipamentos submersos, para construir uma <strong>narrativa visual que atravessa paisagens, texturas e atmosferas.<\/strong><\/p>\n<p><img loading=\"lazy\" decoding=\"async\" aria-describedby=\"caption-attachment-179422\" class=\"size-medium wp-image-179422\" src=\"https:\/\/www.europesays.com\/pt\/wp-content\/uploads\/2025\/08\/8aa72507-b3af-4cbb-93ea-3b5b20d0615b-543x720.jpeg\" alt=\"Foto: Divulga\u00e7\u00e3o\" width=\"543\" height=\"720\"  \/><\/p>\n<p id=\"caption-attachment-179422\" class=\"wp-caption-text\">Foto: Divulga\u00e7\u00e3o<\/p>\n<p>O resultado \u00e9 uma cole\u00e7\u00e3o de imagens que percorre o <strong>c\u00e9u, a cidade e o mar<\/strong> com sensibilidade e aten\u00e7\u00e3o aos detalhes menos \u00f3bvios.<\/p>\n<p>Entre os registros, h\u00e1 desde o <strong>cotidiano do Porto da Barra<\/strong> e o tradicional <strong>circuito do Carnaval<\/strong> at\u00e9 <strong>fotos raras feitas durante o per\u00edodo da pandemia,<\/strong> quando as praias ficaram praticamente desertas.<\/p>\n<p><strong>Quem adquirir o livro na pr\u00e9-venda at\u00e9 o dia 22 de setembro receber\u00e1 uma fotografia exclusiva<\/strong> impressa em papel CANSON Matte 200g\/m\u00b2, no tamanho 20x30cm.<\/p>\n<p><strong>\u201cMais do que um ensaio visual, \u00e9 uma declara\u00e7\u00e3o de amor por Salvador\u201d,<\/strong> afirma o autor, em nota. <strong>\u201cEspero que o livro transporte o leitor para essa jornada entre a Barra e Ondina, como eu vivi um dia\u201d,<\/strong> conclui.<\/p>\n<p>A publica\u00e7\u00e3o tem edi\u00e7\u00e3o de Dan Maior e <strong>ser\u00e1 lan\u00e7ada com um evento na Casa MD Ondina.<\/strong> A data ainda n\u00e3o foi divulgada. <a href=\"http:\/\/www.dabarraaondina.com.br\" rel=\"nofollow noopener\" target=\"_blank\">A pr\u00e9-venda est\u00e1 dispon\u00edvel neste link.\u00a0<\/a><\/p>\n<p><img loading=\"lazy\" decoding=\"async\" aria-describedby=\"caption-attachment-179423\" class=\"size-medium wp-image-179423\" src=\"https:\/\/www.europesays.com\/pt\/wp-content\/uploads\/2025\/08\/2a5e1ca5-a99f-4271-8523-b6458ac800d8-720x480.jpeg\" alt=\"Foto: Fernando Antonio\" width=\"720\" height=\"480\"  \/><\/p>\n<p id=\"caption-attachment-179423\" class=\"wp-caption-text\">Foto: Fernando Antonio<\/p>\n","protected":false},"excerpt":{"rendered":"Com imagens in\u00e9ditas e um olhar autoral sobre dois dos bairros mais emblem\u00e1ticos de Salvador, o fot\u00f3grafo Fernando&hellip;\n","protected":false},"author":2,"featured_media":20028,"comment_status":"","ping_status":"","sticky":false,"template":"","format":"standard","meta":{"footnotes":""},"categories":[143],"tags":[169,114,115,170,32,33],"class_list":{"0":"post-20027","1":"post","2":"type-post","3":"status-publish","4":"format-standard","5":"has-post-thumbnail","7":"category-livros","8":"tag-books","9":"tag-entertainment","10":"tag-entretenimento","11":"tag-livros","12":"tag-portugal","13":"tag-pt"},"share_on_mastodon":{"url":"","error":""},"_links":{"self":[{"href":"https:\/\/www.europesays.com\/pt\/wp-json\/wp\/v2\/posts\/20027","targetHints":{"allow":["GET"]}}],"collection":[{"href":"https:\/\/www.europesays.com\/pt\/wp-json\/wp\/v2\/posts"}],"about":[{"href":"https:\/\/www.europesays.com\/pt\/wp-json\/wp\/v2\/types\/post"}],"author":[{"embeddable":true,"href":"https:\/\/www.europesays.com\/pt\/wp-json\/wp\/v2\/users\/2"}],"replies":[{"embeddable":true,"href":"https:\/\/www.europesays.com\/pt\/wp-json\/wp\/v2\/comments?post=20027"}],"version-history":[{"count":0,"href":"https:\/\/www.europesays.com\/pt\/wp-json\/wp\/v2\/posts\/20027\/revisions"}],"wp:featuredmedia":[{"embeddable":true,"href":"https:\/\/www.europesays.com\/pt\/wp-json\/wp\/v2\/media\/20028"}],"wp:attachment":[{"href":"https:\/\/www.europesays.com\/pt\/wp-json\/wp\/v2\/media?parent=20027"}],"wp:term":[{"taxonomy":"category","embeddable":true,"href":"https:\/\/www.europesays.com\/pt\/wp-json\/wp\/v2\/categories?post=20027"},{"taxonomy":"post_tag","embeddable":true,"href":"https:\/\/www.europesays.com\/pt\/wp-json\/wp\/v2\/tags?post=20027"}],"curies":[{"name":"wp","href":"https:\/\/api.w.org\/{rel}","templated":true}]}}