{"id":200291,"date":"2025-12-23T21:16:10","date_gmt":"2025-12-23T21:16:10","guid":{"rendered":"https:\/\/www.europesays.com\/pt\/200291\/"},"modified":"2025-12-23T21:16:10","modified_gmt":"2025-12-23T21:16:10","slug":"a-lenda-de-aang-o-ultimo-mestre-do-ar-ganha-sinopse-oficial-com-detalhes-da-trama","status":"publish","type":"post","link":"https:\/\/www.europesays.com\/pt\/200291\/","title":{"rendered":"A Lenda de Aang: O \u00daltimo Mestre do Ar ganha sinopse oficial com detalhes da trama"},"content":{"rendered":"<p class=\"wp-block-yoast-seo-estimated-reading-time yoast-reading-time__wrapper\">Estimated reading time: 2 minutos<\/p>\n<p><a href=\"https:\/\/ovicio.com.br\/tag\/A-Lenda-de-Aang-O-Ultimo-Mestre-do-Ar\/\" target=\"_blank\" rel=\"noreferrer noopener nofollow\">A Lenda de Aang: O \u00daltimo Mestre do Ar (2026)<\/a> finalmente ganhou uma sinopse oficial, e agora sabemos qual ser\u00e1 a premissa do filme.<\/p>\n<p>Conforme publicado pelo <strong>Paramount+<\/strong>, o longa mostrar\u00e1 <strong>Aang <\/strong>descobrindo um poder antigo que pode salvar sua cultura da extin\u00e7\u00e3o e indo em busca dele.<\/p>\n<p>&#8220;<strong>O Avatar Aang, o \u00faltimo mestre do ar do mundo, toma conhecimento de um poder antigo que poderia salvar sua cultura da extin\u00e7\u00e3o. Com a ajuda de seus amigos, ele embarca em uma busca global para encontr\u00e1-lo antes que caia em m\u00e3os erradas e ameace destruir a paz que eles sacrificaram tudo para alcan\u00e7ar.<\/strong>&#8220;, diz a sinopse.<\/p>\n<p><img fetchpriority=\"high\" decoding=\"async\" width=\"878\" height=\"116\" src=\"https:\/\/www.europesays.com\/pt\/wp-content\/uploads\/2025\/12\/20251223-image-9.png\" alt=\"\" class=\"lazyload wp-image-879454\"  data-\/>Reprodu\u00e7\u00e3o\/Paramount+ Express<\/p>\n<p><strong>A Lenda de Aang: O \u00daltimo Mestre do Ar (2026)<\/strong>\u00a0se passa oito anos ap\u00f3s a s\u00e9rie animada cl\u00e1ssica, e acompanha os primeiros passos da vida adulta de\u00a0<strong>Aang<\/strong>. O longa estreia exclusivamente no\u00a0<strong>Paramount+\u00a0<\/strong>no ano que vem.<\/p>\n<p>Leia mais sobre a franquia de Avatar:<\/p>\n","protected":false},"excerpt":{"rendered":"Estimated reading time: 2 minutos A Lenda de Aang: O \u00daltimo Mestre do Ar (2026) finalmente ganhou uma&hellip;\n","protected":false},"author":2,"featured_media":200292,"comment_status":"","ping_status":"","sticky":false,"template":"","format":"standard","meta":{"footnotes":""},"categories":[140],"tags":[39929,39930,39931,32303,19332,114,115,147,148,18007,39932,146,39933,15006,32,33,18254,12991],"class_list":{"0":"post-200291","1":"post","2":"type-post","3":"status-publish","4":"format-standard","5":"has-post-thumbnail","7":"category-filmes","8":"tag-a-lenda-de-aang-o-ultimo-mestre-do-ar","9":"tag-aang-o-ultimo-mestre-do-ar","10":"tag-avatar-a-lenda-de-aang","11":"tag-avatar-o-ultimo-mestre-do-ar","12":"tag-dave-bautista","13":"tag-entertainment","14":"tag-entretenimento","15":"tag-film","16":"tag-filmes","17":"tag-geraldine-viswanathan","18":"tag-ke-huy-quan","19":"tag-movies","20":"tag-o-ultimo-mestre-do-ar","21":"tag-paramount-pictures","22":"tag-portugal","23":"tag-pt","24":"tag-steven-yeun","25":"tag-taika-waititi"},"share_on_mastodon":{"url":"https:\/\/pubeurope.com\/@pt\/115770962052092579","error":""},"_links":{"self":[{"href":"https:\/\/www.europesays.com\/pt\/wp-json\/wp\/v2\/posts\/200291","targetHints":{"allow":["GET"]}}],"collection":[{"href":"https:\/\/www.europesays.com\/pt\/wp-json\/wp\/v2\/posts"}],"about":[{"href":"https:\/\/www.europesays.com\/pt\/wp-json\/wp\/v2\/types\/post"}],"author":[{"embeddable":true,"href":"https:\/\/www.europesays.com\/pt\/wp-json\/wp\/v2\/users\/2"}],"replies":[{"embeddable":true,"href":"https:\/\/www.europesays.com\/pt\/wp-json\/wp\/v2\/comments?post=200291"}],"version-history":[{"count":0,"href":"https:\/\/www.europesays.com\/pt\/wp-json\/wp\/v2\/posts\/200291\/revisions"}],"wp:featuredmedia":[{"embeddable":true,"href":"https:\/\/www.europesays.com\/pt\/wp-json\/wp\/v2\/media\/200292"}],"wp:attachment":[{"href":"https:\/\/www.europesays.com\/pt\/wp-json\/wp\/v2\/media?parent=200291"}],"wp:term":[{"taxonomy":"category","embeddable":true,"href":"https:\/\/www.europesays.com\/pt\/wp-json\/wp\/v2\/categories?post=200291"},{"taxonomy":"post_tag","embeddable":true,"href":"https:\/\/www.europesays.com\/pt\/wp-json\/wp\/v2\/tags?post=200291"}],"curies":[{"name":"wp","href":"https:\/\/api.w.org\/{rel}","templated":true}]}}