{"id":200297,"date":"2025-12-23T21:21:19","date_gmt":"2025-12-23T21:21:19","guid":{"rendered":"https:\/\/www.europesays.com\/pt\/200297\/"},"modified":"2025-12-23T21:21:19","modified_gmt":"2025-12-23T21:21:19","slug":"lenovo-prepara-notebooks-panther-lake-e-gorgon-point-com-rtx-5060-rumor","status":"publish","type":"post","link":"https:\/\/www.europesays.com\/pt\/200297\/","title":{"rendered":"Lenovo prepara notebooks Panther Lake e Gorgon Point com RTX 5060 [RUMOR]"},"content":{"rendered":"<p>\t\t\t    <img loading=\"lazy\" width=\"910\" height=\"568\" class=\"attachment-910x568 size-910x568 perfmatters-lazy\" alt=\"Notebook Lenovo Legion com Panther Lake &amp; Gorgon Point escrito\" decoding=\"async\" src=\"https:\/\/www.europesays.com\/pt\/wp-content\/uploads\/2025\/12\/lenovo-panther-lake-gorgon-point-ces-2026-912x569.jpg\"  data-\/>Cr\u00e9ditos: Lenovo (editada)\t    <\/p>\n<p>O mais novo vazamento da Lenovo vindo do <a href=\"https:\/\/www.adrenaline.com.br\/microsoft\/windows\/\" target=\"_blank\" title=\"Windows\" rel=\"nofollow noopener\">Windows<\/a> Latest \u00e9 que a empresa pretende expandir sua linha de notebooks com diversos novos modelos esquipados com a RTX 5060 <a href=\"https:\/\/www.adrenaline.com.br\/mobile\/\" target=\"_blank\" title=\"Mobile\" rel=\"nofollow noopener\">mobile<\/a>. Os produtos v\u00eam com diferentes op\u00e7\u00f5es de processadores incluindo na novas gera\u00e7\u00f5es <a href=\"https:\/\/www.adrenaline.com.br\/intel\/vazamento-revela-detalhes-do-intel-core-ultra-5-335-e-325-os-panther-lake-de-entrada\/\" rel=\"nofollow noopener\" target=\"_blank\">Panther Lake<\/a>, da <a href=\"https:\/\/www.adrenaline.com.br\/intel\/\" target=\"_blank\" title=\"Intel\" rel=\"nofollow noopener\">Intel<\/a> e <a href=\"https:\/\/www.adrenaline.com.br\/amd\/gorgon-point-oficial-ryzen-ai-400-aparece-em-driver-de-chipset-da-amd\/\" rel=\"nofollow noopener\" target=\"_blank\">Gorgon Point<\/a>, da <a href=\"https:\/\/www.adrenaline.com.br\/amd\/\" target=\"_blank\" title=\"AMD\" rel=\"nofollow noopener\">AMD<\/a>.<\/p>\n<p>Os novos notebooks, que a Lenovo deve apresentar na CES 2026, pertencem \u00e0s linhas Legion e LOQ. Eles trazem n\u00e3o apenas modelos da nova gera\u00e7\u00e3o, mas tamb\u00e9m alguns com processadores mais acess\u00edveis. Segundo o site, esses s\u00e3o os produtos com RTX 5060 que a empresa vai mostrar no evento:<\/p>\n<p><img loading=\"lazy\" decoding=\"async\" width=\"1200\" height=\"750\" alt=\"Imagem de divulga\u00e7\u00e3o do Lenovo Legion 9i\" class=\"wp-image-596451 perfmatters-lazy\" src=\"https:\/\/www.europesays.com\/pt\/wp-content\/uploads\/2025\/12\/lenovo-legion-9i-tela-3d.jpg\"  data-\/>Fonte: Lenovo<\/p>\n<ul class=\"wp-block-list\">\n<li>Legion 7a: AMD Ryzen AI 9 HX 470 ou AI 9 465 | Tela de 16\u201d 2560 x 1600 @240Hz<\/li>\n<li>Legion 5a: AMD Ryzen AI 9 465 ou Ryzen 7 250 | Tela de 15\u201d 2560 x 1600 @165Hz<\/li>\n<li>Legion 5i: at\u00e9 o Intel Core Ultra 9 386H | Tela de 15\u201d 2560 x 1600 @165Hz<\/li>\n<li>LOQ 15IPH11: at\u00e9 o Intel Core Ultra 7 356H | Tela de 15\u201d 25600 x 1600 @180Hz<\/li>\n<li>LOQ 15APH11: AMD Ryzen 7 250 | Tela de 15\u201d 25600 x 1600 @180Hz<\/li>\n<\/ul>\n<p>Lenovo ainda n\u00e3o economiza nas mem\u00f3rias<\/p>\n<p>Segundo o<a href=\"https:\/\/www.windowslatest.com\/2025\/12\/22\/exclusive-lenovo-prepares-legion-gaming-refresh-with-new-ryzen-ai-400-series-ryzen-ai-9-465-ryzen-7-250-and-ai-9-hx-470\/\" rel=\"nofollow noopener\" target=\"_blank\"> Windows Latest<\/a>, o novo Legion 7a vai trazer at\u00e9 64GB de mem\u00f3ria LPDDR5X, enquanto todos os outros modelos do vazamento trazem 32GB de mem\u00f3ria DDR5. Todos os notebooks oferecem tamb\u00e9m at\u00e9 2TB de armazenamento.<\/p>\n<p>Com a crise no mercado de mem\u00f3rias resultando em valores cada vez mais inflados, j\u00e1 h\u00e1 previs\u00f5es no <a href=\"https:\/\/www.adrenaline.com.br\/hardware\/idc-preve-aumento-de-ate-8-no-preco-dos-pcs-em-2026\/\" rel=\"nofollow noopener\" target=\"_blank\">aumento de pre\u00e7os em 2026<\/a> para sistemas prontos como notebooks ou PCs completos. Nos EUA j\u00e1 existem montadoras oferecendo<a href=\"https:\/\/x.com\/Brparadox\/status\/2002076463302848944\" rel=\"nofollow\"> builds sem mem\u00f3ria<\/a> para mitigar o pre\u00e7o.<\/p>\n<p><img loading=\"lazy\" decoding=\"async\" width=\"830\" height=\"622\" alt=\"Notebooks com 8 GB de RAM podem ser o &quot;novo normal&quot; ap\u00f3s alta nos pre\u00e7os de mem\u00f3rias\" class=\"wp-image-639874 perfmatters-lazy\" src=\"https:\/\/www.europesays.com\/pt\/wp-content\/uploads\/2025\/12\/notebooks-com-8-gb-de-ram-podem-ser-o-novo-normal-apos-alta-nos-precos-de-memorias-1.jpg\"  data-\/>Unsplash<\/p>\n<p><strong>Leia mais:<\/strong><\/p>\n<p>Trazendo processadores de nova gera\u00e7\u00e3o, fica a expectativa de qual ser\u00e1 a faixa de pre\u00e7o dos novos notebooks da Lenovo. Vazamentos iniciais n\u00e3o est\u00e3o muito otimistas para o pre\u00e7o do <a href=\"https:\/\/www.adrenaline.com.br\/intel\/quanto-custa-um-panther-lake-walmart-revela-o-preco-de-notebook-com-intel-core-ultra-7-355\/#postComments\" rel=\"nofollow noopener\" target=\"_blank\">Core Ultra 7 355<\/a>, por exemplo.<\/p>\n<p>\t\t<img loading=\"lazy\" width=\"210\" height=\"270\" class=\"attachment-210x270 size-210x270 perfmatters-lazy\" alt=\"Participe do grupo de ofertas do Adrenaline\" decoding=\"async\" src=\"https:\/\/www.europesays.com\/pt\/wp-content\/uploads\/2025\/12\/Banner-Adrena-Mobile-normal-210x270.png\"  data-\/>\t<\/p>\n<p>\t\t\tParticipe do grupo de ofertas do Adrenaline\t\t<\/p>\n<p class=\"single-text-informative-content-description mb-24 p-desk\">\n\t\t\tConfira as principais ofertas de hardware, componentes e outros eletr\u00f4nicos que encontramos pela internet. Placa de v\u00eddeo, placa-m\u00e3e, mem\u00f3ria RAM e tudo que voc\u00ea precisa para montar o seu PC. Ao participar do nosso grupo, voc\u00ea recebe promo\u00e7\u00f5es diariamente e tem acesso antecipado a cupons de desconto.\t\t<\/p>\n<p>\t\t<a class=\"btn-veja-mais btn-veja-mais-red\" href=\"https:\/\/adrena.click\/ofertas\" title=\"Conte\u00fado informativo\" target=\"_blank\" style=\"background: green;\" rel=\"nofollow noopener\"><br \/>\n\t\t\tEntre no grupo e aproveite as promo\u00e7\u00f5es\t\t<\/a><\/p>\n","protected":false},"excerpt":{"rendered":"Cr\u00e9ditos: Lenovo (editada) O mais novo vazamento da Lenovo vindo do Windows Latest \u00e9 que a empresa pretende&hellip;\n","protected":false},"author":2,"featured_media":200298,"comment_status":"","ping_status":"","sticky":false,"template":"","format":"standard","meta":{"footnotes":""},"categories":[84],"tags":[109,107,108,32,33,105,103,104,106,110],"class_list":{"0":"post-200297","1":"post","2":"type-post","3":"status-publish","4":"format-standard","5":"has-post-thumbnail","7":"category-ciencia-e-tecnologia","8":"tag-ciencia","9":"tag-ciencia-e-tecnologia","10":"tag-cienciaetecnologia","11":"tag-portugal","12":"tag-pt","13":"tag-science","14":"tag-science-and-technology","15":"tag-scienceandtechnology","16":"tag-technology","17":"tag-tecnologia"},"share_on_mastodon":{"url":"https:\/\/pubeurope.com\/@pt\/115770981772250901","error":""},"_links":{"self":[{"href":"https:\/\/www.europesays.com\/pt\/wp-json\/wp\/v2\/posts\/200297","targetHints":{"allow":["GET"]}}],"collection":[{"href":"https:\/\/www.europesays.com\/pt\/wp-json\/wp\/v2\/posts"}],"about":[{"href":"https:\/\/www.europesays.com\/pt\/wp-json\/wp\/v2\/types\/post"}],"author":[{"embeddable":true,"href":"https:\/\/www.europesays.com\/pt\/wp-json\/wp\/v2\/users\/2"}],"replies":[{"embeddable":true,"href":"https:\/\/www.europesays.com\/pt\/wp-json\/wp\/v2\/comments?post=200297"}],"version-history":[{"count":0,"href":"https:\/\/www.europesays.com\/pt\/wp-json\/wp\/v2\/posts\/200297\/revisions"}],"wp:featuredmedia":[{"embeddable":true,"href":"https:\/\/www.europesays.com\/pt\/wp-json\/wp\/v2\/media\/200298"}],"wp:attachment":[{"href":"https:\/\/www.europesays.com\/pt\/wp-json\/wp\/v2\/media?parent=200297"}],"wp:term":[{"taxonomy":"category","embeddable":true,"href":"https:\/\/www.europesays.com\/pt\/wp-json\/wp\/v2\/categories?post=200297"},{"taxonomy":"post_tag","embeddable":true,"href":"https:\/\/www.europesays.com\/pt\/wp-json\/wp\/v2\/tags?post=200297"}],"curies":[{"name":"wp","href":"https:\/\/api.w.org\/{rel}","templated":true}]}}