{"id":200336,"date":"2025-12-23T21:54:12","date_gmt":"2025-12-23T21:54:12","guid":{"rendered":"https:\/\/www.europesays.com\/pt\/200336\/"},"modified":"2025-12-23T21:54:12","modified_gmt":"2025-12-23T21:54:12","slug":"camila-pitanga-mostra-quase-tudo-em-look-aberto-e-brinca-tem-que-ter-ventilacao","status":"publish","type":"post","link":"https:\/\/www.europesays.com\/pt\/200336\/","title":{"rendered":"Camila Pitanga mostra quase tudo em look aberto e brinca: &#8216;Tem que ter ventila\u00e7\u00e3o&#8217;"},"content":{"rendered":"<p>A atriz <a href=\"https:\/\/caras.com.br\/tags\/camila-pitanga\" target=\"_blank\" rel=\"noopener nofollow\" data-mrf-link=\"https:\/\/caras.com.br\/tags\/camila-pitanga\"><strong>Camila Pitanga<\/strong><\/a> chamou a aten\u00e7\u00e3o com novas fotos em sua rede social. Nesta ter\u00e7a-feira, 23, a famosa postou cliques usando um look arrasador e n\u00e3o passou despercebida ao aparecer com um vestido todo aberto na lateral.<\/p>\n<p>Ao apostar na pe\u00e7a cheia de atitude, a artista brincou sobre sua escolha para das comemora\u00e7\u00f5es de fim de ano que caem justamente no ver\u00e3o. Camila Pitanga escreveu na legenda que prefere as pe\u00e7as com maior \u201cventila\u00e7\u00e3o\u201d para n\u00e3o passar calor no momento.<\/p>\n<p>\u201cTestando os looks pro fim de ano e o crit\u00e9rio? Tem que ter ventila\u00e7\u00e3o!\u201d, disse ela ao surgir usando o vestido estampado, aberto na lateral e com fenda. Nos coment\u00e1rios, os internautas reagiram ao verem a produ\u00e7\u00e3o. \u201cVentila\u00e7\u00e3o atendida com sucesso e muita beleza\u201d, disse Juliana Paes. \u201cDeusa refrescante\u201d, admiraram outros.<\/p>\n<p> Veja as fotos de Camila Pitanga de look aberto: <img loading=\"lazy\" decoding=\"async\" class=\"size-full wp-image-1049167 img-fluid lazy\" alt=\"Camila Pitanga se exibe em look aberto - Foto: @saullomoreira\" width=\"1080\" height=\"1440\" src=\"https:\/\/www.europesays.com\/pt\/wp-content\/uploads\/2025\/12\/camila-pitanga-look-aberto-5.jpg\"  \/>Camila Pitanga se exibe em look aberto \u2013 Foto: @saullomoreira <img loading=\"lazy\" decoding=\"async\" class=\"size-full wp-image-1049166 img-fluid lazy\" alt=\"Camila Pitanga se exibe em look aberto - Foto: @saullomoreira\" width=\"1080\" height=\"1440\" src=\"https:\/\/www.europesays.com\/pt\/wp-content\/uploads\/2025\/12\/camila-pitanga-look-aberto-4.jpg\"  \/>Camila Pitanga se exibe em look aberto \u2013 Foto: @saullomoreira <img loading=\"lazy\" decoding=\"async\" class=\"size-full wp-image-1049164 img-fluid lazy\" alt=\"Camila Pitanga se exibe em look aberto - Foto: @saullomoreira\" width=\"1080\" height=\"1440\" src=\"https:\/\/www.europesays.com\/pt\/wp-content\/uploads\/2025\/12\/camila-pitanga-look-aberto-3.jpg\"  \/>Camila Pitanga se exibe em look aberto \u2013 Foto: @saullomoreira <img loading=\"lazy\" decoding=\"async\" class=\"size-full wp-image-1049163 img-fluid lazy\" alt=\"Camila Pitanga se exibe em look aberto - Foto: @saullomoreira\" width=\"1080\" height=\"1440\" src=\"https:\/\/www.europesays.com\/pt\/wp-content\/uploads\/2025\/12\/camila-pitanga-look-aberto-2.jpg\"  \/>Camila Pitanga se exibe em look aberto \u2013 Foto: @saullomoreira <\/p>\n<blockquote class=\"instagram-media\" style=\"background: #FFF; border: 0; border-radius: 3px; box-shadow: 0 0 1px 0 rgba(0,0,0,0.5),0 1px 10px 0 rgba(0,0,0,0.15); margin: 1px; max-width: 540px; min-width: 326px; padding: 0; width: calc(100% - 2px);\" data-instgrm-captioned=\"\" data-instgrm-permalink=\"https:\/\/www.instagram.com\/p\/DSnC0ipjUmI\/?utm_source=ig_embed&amp;utm_campaign=loading\" data-instgrm-version=\"14\"><\/blockquote>\n<p> Camila Pitanga fala sobre n\u00e3o esconder suas rugas <\/p>\n<p>A atriz <a href=\"https:\/\/caras.com.br\/tags\/camila-pitanga\" target=\"_blank\" rel=\"noopener nofollow\" data-mrf-link=\"https:\/\/caras.com.br\/tags\/camila-pitanga\"><strong>Camila Pitanga<\/strong><\/a> deu o que falar com sua personagem na novela Beleza Fatal, da Max. Vivendo a vil\u00e3 Lola, que adora luxo e vive montada. Diferente do papel, a famosa contou, durante sua participa\u00e7\u00e3o no Sem Censura, da TV Brasil, que n\u00e3o fez nada para mudar sua apar\u00eancia e que tudo era maquiagem.<\/p>\n<p>Seguindo um estilo mais natural e aceitando suas marcas de express\u00e3o, a famosa, de 47 anos, contou que prefere assumir sua apar\u00eancia e sua idade. Camila Pitanga explicou para <strong>Cissa Guimar\u00e3es<\/strong> que aceita as rugas e quer viver o processo de envelhecer.<\/p>\n<p>\u201cMas eu acho que para o meu trabalho de atriz, eu fiz uma escolha, que eu posso mudar se eu quiser, mas \u00e9 entender que as fissuras, entender que o tempo ele \u00e9 ingrediente do meu trabalho, as nossas marcas, as marcas do tempo, as linhas de express\u00e3o, eles dizem, eu querer ficar presa ao 30 anos\u2026 eu quero fazer a m\u00e3e, eu quero fazer a av\u00f3, a vil\u00e3\u2026\u201d, contou sobre ser assim enquanto quiser.<\/p>\n<p>        <a href=\"https:\/\/caras.com.br\/autor\/nataly-paschoal\" rel=\"nofollow noopener\" target=\"_blank\">&#13;<br \/>\n          <img loading=\"lazy\" decoding=\"async\" alt=\"Nataly Paschoal\" src=\"https:\/\/www.europesays.com\/pt\/wp-content\/uploads\/2025\/12\/nataly-paschoal_sqmd.jpg\" class=\"avatar avatar-115 photo rounded-circle\" height=\"115\" width=\"115\"\/>        <\/a><\/p>\n<p><b>Nataly Paschoal <\/b>\u00e9 rep\u00f3rter de conte\u00fado do site CARAS. Formada em jornalismo pela Faculdade C\u00e1sper L\u00edbero, ela j\u00e1 passou por sites como Todateen, Sportlife e espnW. Escreve sobre celebridades, TV, reality show e novelas.<\/p>\n<p>\t                                            <script async src=\"\/\/www.instagram.com\/embed.js\"><\/script><\/p>\n","protected":false},"excerpt":{"rendered":"A atriz Camila Pitanga chamou a aten\u00e7\u00e3o com novas fotos em sua rede social. Nesta ter\u00e7a-feira, 23, a&hellip;\n","protected":false},"author":2,"featured_media":200337,"comment_status":"","ping_status":"","sticky":false,"template":"","format":"standard","meta":{"footnotes":""},"categories":[145],"tags":[12716,211,210,114,115,32,33],"class_list":{"0":"post-200336","1":"post","2":"type-post","3":"status-publish","4":"format-standard","5":"has-post-thumbnail","7":"category-celebridades","8":"tag-camila-pitanga","9":"tag-celebridades","10":"tag-celebrities","11":"tag-entertainment","12":"tag-entretenimento","13":"tag-portugal","14":"tag-pt"},"share_on_mastodon":{"url":"https:\/\/pubeurope.com\/@pt\/115771111205879607","error":""},"_links":{"self":[{"href":"https:\/\/www.europesays.com\/pt\/wp-json\/wp\/v2\/posts\/200336","targetHints":{"allow":["GET"]}}],"collection":[{"href":"https:\/\/www.europesays.com\/pt\/wp-json\/wp\/v2\/posts"}],"about":[{"href":"https:\/\/www.europesays.com\/pt\/wp-json\/wp\/v2\/types\/post"}],"author":[{"embeddable":true,"href":"https:\/\/www.europesays.com\/pt\/wp-json\/wp\/v2\/users\/2"}],"replies":[{"embeddable":true,"href":"https:\/\/www.europesays.com\/pt\/wp-json\/wp\/v2\/comments?post=200336"}],"version-history":[{"count":0,"href":"https:\/\/www.europesays.com\/pt\/wp-json\/wp\/v2\/posts\/200336\/revisions"}],"wp:featuredmedia":[{"embeddable":true,"href":"https:\/\/www.europesays.com\/pt\/wp-json\/wp\/v2\/media\/200337"}],"wp:attachment":[{"href":"https:\/\/www.europesays.com\/pt\/wp-json\/wp\/v2\/media?parent=200336"}],"wp:term":[{"taxonomy":"category","embeddable":true,"href":"https:\/\/www.europesays.com\/pt\/wp-json\/wp\/v2\/categories?post=200336"},{"taxonomy":"post_tag","embeddable":true,"href":"https:\/\/www.europesays.com\/pt\/wp-json\/wp\/v2\/tags?post=200336"}],"curies":[{"name":"wp","href":"https:\/\/api.w.org\/{rel}","templated":true}]}}