{"id":200383,"date":"2025-12-23T22:36:11","date_gmt":"2025-12-23T22:36:11","guid":{"rendered":"https:\/\/www.europesays.com\/pt\/200383\/"},"modified":"2025-12-23T22:36:11","modified_gmt":"2025-12-23T22:36:11","slug":"hytalo-santos-dispara-contra-a-justica-em-carta-e-diz-que-vai-passar-o-natal-atras-das-grades-r7-entretenimento","status":"publish","type":"post","link":"https:\/\/www.europesays.com\/pt\/200383\/","title":{"rendered":"Hytalo Santos dispara contra a Justi\u00e7a em carta e diz que vai passar o Natal atr\u00e1s das grades \u2013 R7 Entretenimento"},"content":{"rendered":"<p><img decoding=\"async\" data-chromatic=\"ignore\" alt=\"\" class=\"c-image\" loading=\"lazy\" src=\"https:\/\/www.europesays.com\/pt\/wp-content\/uploads\/2025\/12\/NQYITIMA3RGV3BOIUX3IX67QUM.jpg\"  width=\"1920\" height=\"1080\"\/>Hytalo atacou a Justi\u00e7a e disse que seguir\u00e1 preso no fim de ano Divulga\u00e7\u00e3o\/Deic-SP; Reprodu\u00e7\u00e3o\/Instagram\/@kamysmarya <\/p>\n<p class=\"jarvics:base-text-neutral-high-400 base-text-[calc(theme(fontSize.xs)_*_var(--font-size,_1))] base-font-normal base-font-primary base-text-neutral-low-500 base-text-left\">Preso h\u00e1 quase cinco meses, <a href=\"https:\/\/www.r7.com\/tudo-sobre\/hytalo-santos\/\" target=\"_blank\" rel=\"noreferrer nofollow noopener\" title=\"https:\/\/www.r7.com\/tudo-sobre\/hytalo-santos\/\">Hytalo Santos<\/a> voltou a se manifestar por meio de uma nova carta divulgada por <a href=\"https:\/\/entretenimento.r7.com\/famosos-e-tv\/quem-e-kamylinha-santos-influencer-ligada-a-hytalo-santos-que-teve-redes-bloqueadas-13082025\/\" target=\"_blank\" rel=\"noreferrer nofollow noopener\" title=\"https:\/\/entretenimento.r7.com\/famosos-e-tv\/quem-e-kamylinha-santos-influencer-ligada-a-hytalo-santos-que-teve-redes-bloqueadas-13082025\/\">Kamylinha<\/a> nas redes sociais. No texto, o influenciador faz duras cr\u00edticas \u00e0 Justi\u00e7a, afirma que segue impedido de se defender publicamente e diz que passar\u00e1 o <a href=\"https:\/\/www.r7.com\/tudo-sobre\/natal\/\" target=\"_blank\" rel=\"noreferrer nofollow noopener\" title=\"https:\/\/www.r7.com\/tudo-sobre\/natal\/\">Natal<\/a> e o <a href=\"https:\/\/entretenimento.r7.com\/prisma\/fabiola-reipert\/video\/saiba-como-serao-as-festas-de-fim-de-ano-de-ana-castela-ze-felipe-e-virginia-fonseca-18122025\/\" target=\"_blank\" rel=\"noreferrer nofollow noopener\" title=\"https:\/\/entretenimento.r7.com\/prisma\/fabiola-reipert\/video\/saiba-como-serao-as-festas-de-fim-de-ano-de-ana-castela-ze-felipe-e-virginia-fonseca-18122025\/\">Ano Novo<\/a> atr\u00e1s das grades.<\/p>\n<p class=\"jarvics:base-text-neutral-high-400 base-text-[calc(theme(fontSize.xs)_*_var(--font-size,_1))] base-font-normal base-font-primary base-text-neutral-low-500 base-text-left\">\u201cBora l\u00e1 para mais uma carta, pois continuo proibido de ser entrevistado e de ter voz para me defender. Voc\u00eas j\u00e1 devem saber que nosso Natal e Ano Novo ser\u00e1 atr\u00e1s das grades\u201d, escreveu.<\/p>\n<p class=\"jarvics:base-text-neutral-high-400 base-text-[calc(theme(fontSize.xs)_*_var(--font-size,_1))] base-font-normal base-font-primary base-text-neutral-low-500 base-text-left\">Hytalo tamb\u00e9m reclamou da demora nas decis\u00f5es judiciais e questionou as provas usadas contra ele. \u201cOs prazos para as decis\u00f5es est\u00e3o atrasados, as provas continuam sendo os stories postados por mim, as roupas, m\u00fasicas e cirurgias pl\u00e1sticas das crias\u201d, afirmou.<\/p>\n<p class=\"jarvics:base-text-neutral-high-400 base-text-[calc(theme(fontSize.xs)_*_var(--font-size,_1))] base-font-normal base-font-primary base-text-neutral-low-500 base-text-left\">Em outro trecho, o influenciador ampliou o discurso e falou em persegui\u00e7\u00e3o cultural, citando o brega funk e <a href=\"https:\/\/noticias.r7.com\/brasilia\/adultizacao-nas-redes-especialistas-alertam-riscos-de-expor-criancas-na-internet-17082025\/\" target=\"_blank\" rel=\"noreferrer nofollow noopener\" title=\"https:\/\/noticias.r7.com\/brasilia\/adultizacao-nas-redes-especialistas-alertam-riscos-de-expor-criancas-na-internet-17082025\/\">mudan\u00e7as nas regras das redes sociais<\/a>.<\/p>\n<p class=\"jarvics:base-text-neutral-high-400 base-text-[calc(theme(fontSize.xs)_*_var(--font-size,_1))] base-font-normal base-font-primary base-text-neutral-low-500 base-text-left\">\u201cAl\u00f4, galera do brega funk. Al\u00f4, Brasil, acordem. Come\u00e7aram me prendendo, agora proibindo shows de brega, regulamentando rede social (n\u00e3o pela causa, de modo geral) e ditando o que pode ou n\u00e3o, o que \u00e9 cultural ou n\u00e3o\u201d, completou.<\/p>\n<p class=\"jarvics:base-text-neutral-high-400 base-text-[calc(theme(fontSize.xs)_*_var(--font-size,_1))] base-font-normal base-font-primary base-text-neutral-low-500 base-text-left\">Ele encerrou a carta com mais um ataque direto ao sistema judicial. \u201cE n\u00e3o vai ser novidade que condenem e nos pro\u00edbam de falar, mesmo sendo inocentes e sem provas, v\u00e3o criar algo para justificar essa m***a toda\u201d, disse.<\/p>\n<p>O que diz Kamylinha<\/p>\n<p class=\"jarvics:base-text-neutral-high-400 base-text-[calc(theme(fontSize.xs)_*_var(--font-size,_1))] base-font-normal base-font-primary base-text-neutral-low-500 base-text-left\">Na mesma publica\u00e7\u00e3o, <a href=\"https:\/\/entretenimento.r7.com\/prisma\/fabiola-reipert\/kamylinha-chora-ao-defender-hytalo-santos-apos-prisao-por-exploracao-infantil-19082025\/\" target=\"_blank\" rel=\"noreferrer nofollow noopener\" title=\"https:\/\/entretenimento.r7.com\/prisma\/fabiola-reipert\/kamylinha-chora-ao-defender-hytalo-santos-apos-prisao-por-exploracao-infantil-19082025\/\">Kamylinha tamb\u00e9m se manifestou sobre o momento delicado<\/a> e falou sobre passar o Natal longe de Hytalo Santos.<\/p>\n<p class=\"jarvics:base-text-neutral-high-400 base-text-[calc(theme(fontSize.xs)_*_var(--font-size,_1))] base-font-normal base-font-primary base-text-neutral-low-500 base-text-left\">\u201cFeliz Natal antecipado e doloroso. Meu pai [Hytalo Santos] e Euro est\u00e3o l\u00e1 dentro e n\u00e3o v\u00e3o estar aqui nas datas que todas as fam\u00edlias se re\u00fanem\u201d, escreveu.<\/p>\n<p class=\"jarvics:base-text-neutral-high-400 base-text-[calc(theme(fontSize.xs)_*_var(--font-size,_1))] base-font-normal base-font-primary base-text-neutral-low-500 base-text-left\">Ela ainda afirmou: \u201cJ\u00e1 s\u00e3o quase 5 meses presos, j\u00e1 est\u00e3o pagando pena antes mesmo de qualquer condena\u00e7\u00e3o. N\u00e3o precisa gostar deles dois pra enxergar a injusti\u00e7a que est\u00e1 sendo feita\u201d.<\/p>\n<p class=\"jarvics:base-text-neutral-high-400 base-text-[calc(theme(fontSize.xs)_*_var(--font-size,_1))] base-font-normal base-font-primary base-text-neutral-low-500 base-text-left\">Kamylinha finalizou com uma mensagem de f\u00e9:\u201cMas Deus \u00e9 justo, e a verdade sempre vence\u201d.<\/p>\n<p class=\"jarvics:base-text-neutral-high-400 base-text-[calc(theme(fontSize.xs)_*_var(--font-size,_1))] base-font-normal base-font-primary base-text-neutral-low-500 base-text-left\">\u2705<b>Para saber tudo do mundo dos famosos, <\/b><a href=\"https:\/\/whatsapp.com\/channel\/0029Va9UfKcHQbRyCyhPt71R\" rel=\"nofollow noopener\" target=\"_blank\"><b>siga o canal de entretenimento do R7<\/b><\/a><b>, o portal de not\u00edcias da Record, no WhatsApp<\/b><\/p>\n<p>Os textos aqui publicados <strong>n\u00e3o refletem<\/strong> necessariamente a opini\u00e3o do<strong> Grupo Record<\/strong>.<\/p>\n","protected":false},"excerpt":{"rendered":"Hytalo atacou a Justi\u00e7a e disse que seguir\u00e1 preso no fim de ano Divulga\u00e7\u00e3o\/Deic-SP; Reprodu\u00e7\u00e3o\/Instagram\/@kamysmarya Preso h\u00e1 quase&hellip;\n","protected":false},"author":2,"featured_media":200384,"comment_status":"","ping_status":"","sticky":false,"template":"","format":"standard","meta":{"footnotes":""},"categories":[145],"tags":[4552,211,210,114,115,3034,10485,32,33],"class_list":{"0":"post-200383","1":"post","2":"type-post","3":"status-publish","4":"format-standard","5":"has-post-thumbnail","7":"category-celebridades","8":"tag-a-hora-da-venenosa","9":"tag-celebridades","10":"tag-celebrities","11":"tag-entertainment","12":"tag-entretenimento","13":"tag-famosos-e-celebridades","14":"tag-hytalo-santos","15":"tag-portugal","16":"tag-pt"},"share_on_mastodon":{"url":"https:\/\/pubeurope.com\/@pt\/115771276493384168","error":""},"_links":{"self":[{"href":"https:\/\/www.europesays.com\/pt\/wp-json\/wp\/v2\/posts\/200383","targetHints":{"allow":["GET"]}}],"collection":[{"href":"https:\/\/www.europesays.com\/pt\/wp-json\/wp\/v2\/posts"}],"about":[{"href":"https:\/\/www.europesays.com\/pt\/wp-json\/wp\/v2\/types\/post"}],"author":[{"embeddable":true,"href":"https:\/\/www.europesays.com\/pt\/wp-json\/wp\/v2\/users\/2"}],"replies":[{"embeddable":true,"href":"https:\/\/www.europesays.com\/pt\/wp-json\/wp\/v2\/comments?post=200383"}],"version-history":[{"count":0,"href":"https:\/\/www.europesays.com\/pt\/wp-json\/wp\/v2\/posts\/200383\/revisions"}],"wp:featuredmedia":[{"embeddable":true,"href":"https:\/\/www.europesays.com\/pt\/wp-json\/wp\/v2\/media\/200384"}],"wp:attachment":[{"href":"https:\/\/www.europesays.com\/pt\/wp-json\/wp\/v2\/media?parent=200383"}],"wp:term":[{"taxonomy":"category","embeddable":true,"href":"https:\/\/www.europesays.com\/pt\/wp-json\/wp\/v2\/categories?post=200383"},{"taxonomy":"post_tag","embeddable":true,"href":"https:\/\/www.europesays.com\/pt\/wp-json\/wp\/v2\/tags?post=200383"}],"curies":[{"name":"wp","href":"https:\/\/api.w.org\/{rel}","templated":true}]}}