{"id":200387,"date":"2025-12-23T22:40:09","date_gmt":"2025-12-23T22:40:09","guid":{"rendered":"https:\/\/www.europesays.com\/pt\/200387\/"},"modified":"2025-12-23T22:40:09","modified_gmt":"2025-12-23T22:40:09","slug":"grupo-viva-mais-une-gestao-de-saude-e-solidariedade-regional","status":"publish","type":"post","link":"https:\/\/www.europesays.com\/pt\/200387\/","title":{"rendered":"Grupo Viva Mais une gest\u00e3o de sa\u00fade e solidariedade regional"},"content":{"rendered":"<p>Na manh\u00e3 desta ter\u00e7a-feira (23), a psic\u00f3loga e empres\u00e1ria Ana Paula dos Santos, do grupo Viva Mais, esteve nos est\u00fadios da Nova Era FM para detalhar a trajet\u00f3ria da empresa sediada em Novo Itacolomi. Durante a entrevista, ela explicou como o grupo expandiu a atua\u00e7\u00e3o, fornecendo m\u00e3o de obra especializada na \u00e1rea da sa\u00fade e participando de importantes licita\u00e7\u00f5es p\u00fablicas para suprir demandas de m\u00e9dicos e enfermeiros em diversos munic\u00edpios.<\/p>\n<p>Al\u00e9m do sucesso empresarial, Ana Paula destacou o forte pilar solid\u00e1rio da institui\u00e7\u00e3o, que promove arrecada\u00e7\u00f5es de alimentos e a\u00e7\u00f5es sociais no Vale do Iva\u00ed. Entre os destaques recentes est\u00e3o a entrega de cestas natalinas e uma visita especial ao Lar dos Idosos de Rio Bom, realizada tamb\u00e9m nesta ter\u00e7a-feira (23), para a entrega de presentes personalizados aos 35 residentes da unidade, atendendo a pedidos que inclu\u00edram desde itens de uso pessoal at\u00e9 aparelhos de r\u00e1dio.<\/p>\n<p>A empres\u00e1ria tamb\u00e9m aproveitou o espa\u00e7o para anunciar a pr\u00f3xima \u201cFesta da Solidariedade\u201d, agendada para o dia 20 de abril, com show da dupla Fiduma &amp; Jeca e entrada mediante a doa\u00e7\u00e3o de alimentos. Assista \u00e0 entrevista completa no v\u00eddeo abaixo e conhe\u00e7a os detalhes dessa corrente do bem que tem inspirado outros empreendedores da regi\u00e3o a investirem em causas sociais.<\/p>\n","protected":false},"excerpt":{"rendered":"Na manh\u00e3 desta ter\u00e7a-feira (23), a psic\u00f3loga e empres\u00e1ria Ana Paula dos Santos, do grupo Viva Mais, esteve&hellip;\n","protected":false},"author":2,"featured_media":200388,"comment_status":"","ping_status":"","sticky":false,"template":"","format":"standard","meta":{"footnotes":""},"categories":[141],"tags":[3984,39946,114,115,741,149,150,39947,39948,32,33,896,6543,39949,27611],"class_list":{"0":"post-200387","1":"post","2":"type-post","3":"status-publish","4":"format-standard","5":"has-post-thumbnail","7":"category-musica","8":"tag-acao-social","9":"tag-ana-paula-dos-santos","10":"tag-entertainment","11":"tag-entretenimento","12":"tag-entrevista","13":"tag-music","14":"tag-musica","15":"tag-nova-era-fm","16":"tag-novo-itacolomi","17":"tag-portugal","18":"tag-pt","19":"tag-saude-publica","20":"tag-solidariedade","21":"tag-vale-do-ivai","22":"tag-viva-mais"},"share_on_mastodon":{"url":"https:\/\/pubeurope.com\/@pt\/115771291964620895","error":""},"_links":{"self":[{"href":"https:\/\/www.europesays.com\/pt\/wp-json\/wp\/v2\/posts\/200387","targetHints":{"allow":["GET"]}}],"collection":[{"href":"https:\/\/www.europesays.com\/pt\/wp-json\/wp\/v2\/posts"}],"about":[{"href":"https:\/\/www.europesays.com\/pt\/wp-json\/wp\/v2\/types\/post"}],"author":[{"embeddable":true,"href":"https:\/\/www.europesays.com\/pt\/wp-json\/wp\/v2\/users\/2"}],"replies":[{"embeddable":true,"href":"https:\/\/www.europesays.com\/pt\/wp-json\/wp\/v2\/comments?post=200387"}],"version-history":[{"count":0,"href":"https:\/\/www.europesays.com\/pt\/wp-json\/wp\/v2\/posts\/200387\/revisions"}],"wp:featuredmedia":[{"embeddable":true,"href":"https:\/\/www.europesays.com\/pt\/wp-json\/wp\/v2\/media\/200388"}],"wp:attachment":[{"href":"https:\/\/www.europesays.com\/pt\/wp-json\/wp\/v2\/media?parent=200387"}],"wp:term":[{"taxonomy":"category","embeddable":true,"href":"https:\/\/www.europesays.com\/pt\/wp-json\/wp\/v2\/categories?post=200387"},{"taxonomy":"post_tag","embeddable":true,"href":"https:\/\/www.europesays.com\/pt\/wp-json\/wp\/v2\/tags?post=200387"}],"curies":[{"name":"wp","href":"https:\/\/api.w.org\/{rel}","templated":true}]}}