{"id":200395,"date":"2025-12-23T22:47:33","date_gmt":"2025-12-23T22:47:33","guid":{"rendered":"https:\/\/www.europesays.com\/pt\/200395\/"},"modified":"2025-12-23T22:47:33","modified_gmt":"2025-12-23T22:47:33","slug":"cientistas-criam-material-para-janelas-que-bloqueia-o-calor-sem-bloquear-a-vista","status":"publish","type":"post","link":"https:\/\/www.europesays.com\/pt\/200395\/","title":{"rendered":"Cientistas criam material para janelas que bloqueia o calor sem bloquear a vista"},"content":{"rendered":"<p class=\"wp-caption-text top\">Glenn J. Asakawa \/ Universidade do Colorado<\/p>\n<p><img decoding=\"async\" loading=\"lazy\" class=\"wp-image-718397 size-kopa-image-size-3\" src=\"https:\/\/www.europesays.com\/pt\/wp-content\/uploads\/2025\/12\/13cfb3db41908a5d6fe5348a4e0da0f4-783x450.jpg\" alt=\"\" width=\"700\" height=\"402\"  \/><\/p>\n<p class=\"wp-caption-text bot\">MOCHI<\/p>\n<p><strong>O novo material, chamado MOCHI, tem um volume de mais de 90% de ar e \u00e9 feito \u00e0 base de um gel de silicone.<\/strong><\/p>\n<p>Cientistas da Universidade do Colorado desenvolveram um novo material isolante transparente que pode <strong>reduzir drasticamente a perda de calor<\/strong> atrav\u00e9s das janelas, um desafio antigo no design de edif\u00edcios energeticamente eficientes.<\/p>\n<p>O material, denominado Isolante T\u00e9rmico Mesoporoso Opticamente Transparente (MOCHI, na sigla em ingl\u00eas), \u00e9<strong> composto principalmente por ar<\/strong>, mas continua a ser resistente, dur\u00e1vel e quase completamente transparente.<\/p>\n<p>A investiga\u00e7\u00e3o, <a href=\"https:\/\/www.science.org\/doi\/10.1126\/science.adx5568\" data-wpel-link=\"external\" target=\"_blank\" rel=\"nofollow external noopener noreferrer\" class=\"ext-link\">publicada<\/a> a 11 de dezembro na revista Science, descreve um material que pode ser <strong>fabricado em folhas finas ou pain\u00e9is mais espessos<\/strong>, concebidos para serem fixados no interior das janelas. Embora o MOCHI ainda esteja restrito \u00e0 produ\u00e7\u00e3o em laborat\u00f3rio e n\u00e3o esteja dispon\u00edvel comercialmente, os investigadores acreditam que tem o potencial de reduzir significativamente o consumo de energia em casas e edif\u00edcios comerciais em todo o mundo.<\/p>\n<p>Os edif\u00edcios representam atualmente <strong>cerca de 40% do consumo global de energia<\/strong>, grande parte perdida com o aquecimento e arrefecimento. As janelas s\u00e3o um ponto fraco importante porque, ao contr\u00e1rio das paredes, t\u00eam de se manter transparentes. \u201cEncontrar isolantes transparentes \u00e9 realmente um desafio\u201d, disse Ivan Smalyukh, autor s\u00e9nior do estudo e professor de F\u00edsica na CU Boulder.<\/p>\n<p>O MOCHI supera este desafio combinando a transpar\u00eancia \u00f3ptica com um forte isolamento t\u00e9rmico. O material <strong>baseia-se num gel de silicone<\/strong> preenchido com uma densa rede de poros microsc\u00f3picos, cada um muito mais pequeno do que a espessura de um fio de cabelo humano. Estes poros est\u00e3o preenchidos com ar, que constitui mais de 90% do volume total do material. Apesar disso, o MOCHI permanece resistente e visualmente transparente, refletindo apenas cerca de 0,2% da luz incidente.<\/p>\n<p>Os poros s\u00e3o essenciais para a forma como o material bloqueia o calor. Normalmente, o calor propaga-se pelo ar \u00e0 medida que as mol\u00e9culas colidem e transferem energia. Dentro do MOCHI, os poros s\u00e3o t\u00e3o pequenos que as <strong>mol\u00e9culas de ar n\u00e3o conseguem colidir livremente<\/strong>. Em vez disso, atingem repetidamente as paredes dos poros, limitando drasticamente a transfer\u00eancia de calor. Em demonstra\u00e7\u00f5es laboratoriais, uma folha de MOCHI com apenas cinco mil\u00edmetros de espessura foi capaz de bloquear o calor suficiente para que uma chama pudesse ser encostada a ela sem provocar queimaduras do outro lado.<\/p>\n<p>O MOCHI \u00e9 frequentemente <strong>comparado a aerog\u00e9is<\/strong>, outra classe de isolantes altamente eficazes utilizados pela NASA em ve\u00edculos exploradores de Marte. No entanto, os aerog\u00e9is geralmente dispersam a luz, o que lhes confere um aspeto turvo. Controlando cuidadosamente o tamanho e a disposi\u00e7\u00e3o dos poros do MOCHI, a equipa da CU Boulder conseguiu um bom desempenho de isolamento sem sacrificar a transpar\u00eancia.<\/p>\n<p>Al\u00e9m das janelas, os investigadores veem potenciais aplica\u00e7\u00f5es em sistemas de aquecimento solar que captam e ret\u00eam o calor para os edif\u00edcios, mesmo em dias nublados. Por enquanto, a <strong>produ\u00e7\u00e3o em grande escala<\/strong> continua a ser um desafio, uma vez que o processo \u00e9 lento e complexo. Ainda assim, os ingredientes em si s\u00e3o relativamente baratos, o que aumenta as esperan\u00e7as de que a produ\u00e7\u00e3o possa ser ampliada no futuro.<\/p>\n<p>    <a href=\"https:\/\/zap.aeiou.pt\/subscrever-newsletter\" data-wpel-link=\"internal\" rel=\"nofollow noopener\" target=\"_blank\">&#13;<br \/>\n        <img loading=\"lazy\" decoding=\"async\" class=\"aligncenter size-full wp-image-575475\" src=\"https:\/\/www.europesays.com\/pt\/wp-content\/uploads\/2025\/12\/1765389371_545_2d51fe4a0ba54894421ead1809309ed9-1-450x140.jpg\" alt=\"Subscreva a Newsletter ZAP\" width=\"450\" height=\"140\"\/>&#13;<br \/>\n    <\/a><\/p>\n<p>                <a href=\"https:\/\/whatsapp.com\/channel\/0029VaIC4EE2f3EJZPPSbR34\" data-wpel-link=\"external\" target=\"_blank\" rel=\"nofollow external noopener noreferrer\" class=\"ext-link\">&#13;<br \/>\n                    <img loading=\"lazy\" decoding=\"async\" class=\"aligncenter size-full wp-image-575475\" src=\"https:\/\/www.europesays.com\/pt\/wp-content\/uploads\/2025\/12\/1765389371_770_c68c559d956d4ca20f435ed74a6e71e6.png\" alt=\"Siga-nos no WhatsApp\" width=\"175\" height=\"64\"\/>&#13;<br \/>\n                <\/a><\/p>\n<p>                <a href=\"https:\/\/news.google.com\/publications\/CAAiEHRwZondIV71PDjWNoqMduEqFAgKIhB0cGaJ3SFe9Tw41jaKjHbh?hl=en-US&amp;gl=US&amp;ceid=US%3Aen\" data-wpel-link=\"external\" target=\"_blank\" rel=\"nofollow external noopener noreferrer\" class=\"ext-link\">&#13;<br \/>\n                    <img loading=\"lazy\" decoding=\"async\" class=\"aligncenter size-full wp-image-575475\" src=\"https:\/\/www.europesays.com\/pt\/wp-content\/uploads\/2025\/12\/1765389372_556_5123dd8b087b644fdb8f8603acd1bad4.png\" alt=\"Siga-nos no Google News\" width=\"176\" height=\"64\"\/>&#13;<br \/>\n                <\/a><\/p>\n","protected":false},"excerpt":{"rendered":"Glenn J. Asakawa \/ Universidade do Colorado MOCHI O novo material, chamado MOCHI, tem um volume de mais&hellip;\n","protected":false},"author":2,"featured_media":200396,"comment_status":"","ping_status":"","sticky":false,"template":"","format":"standard","meta":{"footnotes":""},"categories":[50],"tags":[27,28,8514,2270,15,16,14,25,26,21,22,62,12,13,19,20,23,24,17,18,29,30,31,63,64,65],"class_list":{"0":"post-200395","1":"post","2":"type-post","3":"status-publish","4":"format-standard","5":"has-post-thumbnail","7":"category-mundo","8":"tag-breaking-news","9":"tag-breakingnews","10":"tag-ciencia-dos-materiais","11":"tag-energia","12":"tag-featured-news","13":"tag-featurednews","14":"tag-headlines","15":"tag-latest-news","16":"tag-latestnews","17":"tag-main-news","18":"tag-mainnews","19":"tag-mundo","20":"tag-news","21":"tag-noticias","22":"tag-noticias-principais","23":"tag-noticiasprincipais","24":"tag-principais-noticias","25":"tag-principaisnoticias","26":"tag-top-stories","27":"tag-topstories","28":"tag-ultimas","29":"tag-ultimas-noticias","30":"tag-ultimasnoticias","31":"tag-world","32":"tag-world-news","33":"tag-worldnews"},"share_on_mastodon":{"url":"https:\/\/pubeurope.com\/@pt\/115771319837038333","error":""},"_links":{"self":[{"href":"https:\/\/www.europesays.com\/pt\/wp-json\/wp\/v2\/posts\/200395","targetHints":{"allow":["GET"]}}],"collection":[{"href":"https:\/\/www.europesays.com\/pt\/wp-json\/wp\/v2\/posts"}],"about":[{"href":"https:\/\/www.europesays.com\/pt\/wp-json\/wp\/v2\/types\/post"}],"author":[{"embeddable":true,"href":"https:\/\/www.europesays.com\/pt\/wp-json\/wp\/v2\/users\/2"}],"replies":[{"embeddable":true,"href":"https:\/\/www.europesays.com\/pt\/wp-json\/wp\/v2\/comments?post=200395"}],"version-history":[{"count":0,"href":"https:\/\/www.europesays.com\/pt\/wp-json\/wp\/v2\/posts\/200395\/revisions"}],"wp:featuredmedia":[{"embeddable":true,"href":"https:\/\/www.europesays.com\/pt\/wp-json\/wp\/v2\/media\/200396"}],"wp:attachment":[{"href":"https:\/\/www.europesays.com\/pt\/wp-json\/wp\/v2\/media?parent=200395"}],"wp:term":[{"taxonomy":"category","embeddable":true,"href":"https:\/\/www.europesays.com\/pt\/wp-json\/wp\/v2\/categories?post=200395"},{"taxonomy":"post_tag","embeddable":true,"href":"https:\/\/www.europesays.com\/pt\/wp-json\/wp\/v2\/tags?post=200395"}],"curies":[{"name":"wp","href":"https:\/\/api.w.org\/{rel}","templated":true}]}}