{"id":200442,"date":"2025-12-23T23:31:20","date_gmt":"2025-12-23T23:31:20","guid":{"rendered":"https:\/\/www.europesays.com\/pt\/200442\/"},"modified":"2025-12-23T23:31:20","modified_gmt":"2025-12-23T23:31:20","slug":"secret-story-vera-apaixonou-se-por-ines-fabio-nao-tem-duvidas","status":"publish","type":"post","link":"https:\/\/www.europesays.com\/pt\/200442\/","title":{"rendered":"&#8220;Secret Story&#8221;. Vera apaixonou-se por In\u00eas? F\u00e1bio n\u00e3o tem d\u00favidas!"},"content":{"rendered":"<p>Na manh\u00e3 da passada segunda-feira, dia 22,\u00a0<a href=\"https:\/\/selfie.iol.pt\/famosos\/fabio\/secret-story-fabio-sente-se-traido-por-ex-concorrentes-depois-do-que-soube\/20251223\/694a6e11d34e3caad84cb901\" target=\"_blank\" rel=\"nofollow noopener\">Cl\u00e1udio Ramos e Cristina Ferreira receberam, no &#8220;Dois \u00e0s 10&#8221;, da TVI, F\u00e1bio<\/a>.<\/p>\n<p>A certa altura, e uma vez que o nortenho se envolveu com Vera no passado, a apresentadora quis saber se a ex-concorrente se apaixonou mesmo por In\u00eas.<\/p>\n<p>&#8220;Acho que sim&#8221;, comentou o, agora, namorado de Liliana.<\/p>\n<p>&#8220;E a In\u00eas?&#8221;, perguntou, ainda, Cristina Ferreira. &#8220;Acho que sim, sinceramente com as coisas que ia ouvindo e vendo, acho que houve um interesse m\u00fatuo. S\u00f3 que a In\u00eas tinha que proteger as costas dela. Disse o que tinha que dizer s\u00f3 para ficar bem na fotografia&#8221;, comentou F\u00e1bio.<\/p>\n<p>Por fim, o convidado do matutino da esta\u00e7\u00e3o de Queluz de Baixo comentou, ainda, a agress\u00e3o de Vera a Dylan, que lhe valeu a expuls\u00e3o do reality show. &#8220;N\u00e3o estava mesmo nada \u00e0 espera. Sabia que era uma rapariga de postura, que \u00e9 bruta nas coisas que diz, mas que n\u00e3o \u00e9 m\u00e1 pessoa. Quando ela se levantou, pensei que iria dizer as coisas como elas s\u00e3o, na cara. Depois, pensei que se sentava e estava tudo bem. Fiquei sem rea\u00e7\u00e3o, por isso \u00e9 que eu nem me mexi. Nesse aspeto, ela \u00e9 como eu, protege os dela at\u00e9 ao fim do mundo&#8221;, findou o jovem.<\/p>\n<p>Veja, agora, o v\u00eddeo.<\/p>\n<p>\u00a0<\/p>\n","protected":false},"excerpt":{"rendered":"Na manh\u00e3 da passada segunda-feira, dia 22,\u00a0Cl\u00e1udio Ramos e Cristina Ferreira receberam, no &#8220;Dois \u00e0s 10&#8221;, da TVI,&hellip;\n","protected":false},"author":2,"featured_media":200443,"comment_status":"","ping_status":"","sticky":false,"template":"","format":"standard","meta":{"footnotes":""},"categories":[142],"tags":[114,115,19082,980,15353,619,32,33,1014,1315,1012,151,162,11841],"class_list":{"0":"post-200442","1":"post","2":"type-post","3":"status-publish","4":"format-standard","5":"has-post-thumbnail","7":"category-tv","8":"tag-entertainment","9":"tag-entretenimento","10":"tag-fabio","11":"tag-famosos","12":"tag-ines","13":"tag-nacional","14":"tag-portugal","15":"tag-pt","16":"tag-reality-show","17":"tag-secret-story","18":"tag-selfie","19":"tag-tv","20":"tag-tvi","21":"tag-vera"},"share_on_mastodon":{"url":"https:\/\/pubeurope.com\/@pt\/115771492689782042","error":""},"_links":{"self":[{"href":"https:\/\/www.europesays.com\/pt\/wp-json\/wp\/v2\/posts\/200442","targetHints":{"allow":["GET"]}}],"collection":[{"href":"https:\/\/www.europesays.com\/pt\/wp-json\/wp\/v2\/posts"}],"about":[{"href":"https:\/\/www.europesays.com\/pt\/wp-json\/wp\/v2\/types\/post"}],"author":[{"embeddable":true,"href":"https:\/\/www.europesays.com\/pt\/wp-json\/wp\/v2\/users\/2"}],"replies":[{"embeddable":true,"href":"https:\/\/www.europesays.com\/pt\/wp-json\/wp\/v2\/comments?post=200442"}],"version-history":[{"count":0,"href":"https:\/\/www.europesays.com\/pt\/wp-json\/wp\/v2\/posts\/200442\/revisions"}],"wp:featuredmedia":[{"embeddable":true,"href":"https:\/\/www.europesays.com\/pt\/wp-json\/wp\/v2\/media\/200443"}],"wp:attachment":[{"href":"https:\/\/www.europesays.com\/pt\/wp-json\/wp\/v2\/media?parent=200442"}],"wp:term":[{"taxonomy":"category","embeddable":true,"href":"https:\/\/www.europesays.com\/pt\/wp-json\/wp\/v2\/categories?post=200442"},{"taxonomy":"post_tag","embeddable":true,"href":"https:\/\/www.europesays.com\/pt\/wp-json\/wp\/v2\/tags?post=200442"}],"curies":[{"name":"wp","href":"https:\/\/api.w.org\/{rel}","templated":true}]}}