{"id":200444,"date":"2025-12-23T23:32:08","date_gmt":"2025-12-23T23:32:08","guid":{"rendered":"https:\/\/www.europesays.com\/pt\/200444\/"},"modified":"2025-12-23T23:32:08","modified_gmt":"2025-12-23T23:32:08","slug":"guerreiras-do-k-pop-supera-500-milhoes-de-visualizacoes-na-netflix","status":"publish","type":"post","link":"https:\/\/www.europesays.com\/pt\/200444\/","title":{"rendered":"Guerreiras do K-Pop supera 500 milh\u00f5es de visualiza\u00e7\u00f5es na Netflix"},"content":{"rendered":"<p class=\"wp-block-yoast-seo-estimated-reading-time yoast-reading-time__wrapper\">Estimated reading time: 2 minutos<\/p>\n<p>Maior sucesso da hist\u00f3ria da <strong>Netflix<\/strong>, <a href=\"https:\/\/ovicio.com.br\/tag\/guerreiras-do-k-pop\/\" target=\"_blank\" rel=\"noreferrer noopener nofollow\">Guerreiras do K-Pop<\/a> continua acumulando marcas impressionantes desde a sua estreia. O longa-metragem animado superou <strong>500 milh\u00f5es de visualiza\u00e7\u00f5es<\/strong> ao redor do mundo na plataforma de streaming.<\/p>\n<p>Uma sequ\u00eancia est\u00e1 em desenvolvimento, e a franquia tamb\u00e9m deve se expandir com derivados e at\u00e9 mesmo adapta\u00e7\u00f5es no formato live-action.<\/p>\n<p>Sabemos que a <strong>Sony Pictures<\/strong> participa do processo criativo.<\/p>\n<blockquote class=\"twitter-tweet\">\n<p lang=\"en\" dir=\"ltr\">Who&#8217;s the baddest? Them, hello!<\/p>\n<p>Congratulations to the cast, creators, and entire team behind KPop Demon Hunters for reaching 500 MILLION views globally on Netflix! <a href=\"https:\/\/t.co\/jA8Yjapgux\" rel=\"nofollow\">pic.twitter.com\/jA8Yjapgux<\/a><\/p>\n<p>\u2014 Netflix (@netflix) <a href=\"https:\/\/twitter.com\/netflix\/status\/2003556217256357941?ref_src=twsrc%5Etfw\" rel=\"nofollow noopener\" target=\"_blank\">December 23, 2025<\/a><\/p>\n<\/blockquote>\n<p>O pr\u00f3ximo filme deve estrear <strong>em algum momento de 2029<\/strong>.<\/p>\n<p><strong>Maggie Kang<\/strong>\u00a0e\u00a0<strong>Chris Appelhans<\/strong> retornar\u00e3o como diretores e roteiristas.<\/p>\n<p>Leia mais sobre Guerreiras do K-Pop:<\/p>\n<p>Guerreiras do K-Pop acompanha estrelas do pop sul-coreanas que vivem uma vida dupla: durante o dia, s\u00e3o \u00edcones adoradas da m\u00fasica; \u00e0 noite, transformam-se em ca\u00e7adoras de dem\u00f4nios, protegendo o mundo de for\u00e7as sobrenaturais ocultas.<\/p>\n<p><strong>Fonte<\/strong>: <a href=\"https:\/\/x.com\/netflix\/status\/2003556217256357941\" target=\"_blank\" rel=\"noreferrer noopener nofollow\">Netflix<\/a><\/p>\n<p><script async src=\"https:\/\/platform.twitter.com\/widgets.js\" charset=\"utf-8\"><\/script><\/p>\n","protected":false},"excerpt":{"rendered":"Estimated reading time: 2 minutos Maior sucesso da hist\u00f3ria da Netflix, Guerreiras do K-Pop continua acumulando marcas impressionantes&hellip;\n","protected":false},"author":2,"featured_media":200445,"comment_status":"","ping_status":"","sticky":false,"template":"","format":"standard","meta":{"footnotes":""},"categories":[141],"tags":[114,115,4550,149,150,716,32,33],"class_list":{"0":"post-200444","1":"post","2":"type-post","3":"status-publish","4":"format-standard","5":"has-post-thumbnail","7":"category-musica","8":"tag-entertainment","9":"tag-entretenimento","10":"tag-guerreiras-do-k-pop","11":"tag-music","12":"tag-musica","13":"tag-netflix","14":"tag-portugal","15":"tag-pt"},"share_on_mastodon":{"url":"https:\/\/pubeurope.com\/@pt\/115771496585941158","error":""},"_links":{"self":[{"href":"https:\/\/www.europesays.com\/pt\/wp-json\/wp\/v2\/posts\/200444","targetHints":{"allow":["GET"]}}],"collection":[{"href":"https:\/\/www.europesays.com\/pt\/wp-json\/wp\/v2\/posts"}],"about":[{"href":"https:\/\/www.europesays.com\/pt\/wp-json\/wp\/v2\/types\/post"}],"author":[{"embeddable":true,"href":"https:\/\/www.europesays.com\/pt\/wp-json\/wp\/v2\/users\/2"}],"replies":[{"embeddable":true,"href":"https:\/\/www.europesays.com\/pt\/wp-json\/wp\/v2\/comments?post=200444"}],"version-history":[{"count":0,"href":"https:\/\/www.europesays.com\/pt\/wp-json\/wp\/v2\/posts\/200444\/revisions"}],"wp:featuredmedia":[{"embeddable":true,"href":"https:\/\/www.europesays.com\/pt\/wp-json\/wp\/v2\/media\/200445"}],"wp:attachment":[{"href":"https:\/\/www.europesays.com\/pt\/wp-json\/wp\/v2\/media?parent=200444"}],"wp:term":[{"taxonomy":"category","embeddable":true,"href":"https:\/\/www.europesays.com\/pt\/wp-json\/wp\/v2\/categories?post=200444"},{"taxonomy":"post_tag","embeddable":true,"href":"https:\/\/www.europesays.com\/pt\/wp-json\/wp\/v2\/tags?post=200444"}],"curies":[{"name":"wp","href":"https:\/\/api.w.org\/{rel}","templated":true}]}}