{"id":200454,"date":"2025-12-23T23:39:47","date_gmt":"2025-12-23T23:39:47","guid":{"rendered":"https:\/\/www.europesays.com\/pt\/200454\/"},"modified":"2025-12-23T23:39:47","modified_gmt":"2025-12-23T23:39:47","slug":"papa-alerta-contra-fantasmas-da-divisao-no-governo-central-da-igreja-agencia-ecclesia","status":"publish","type":"post","link":"https:\/\/www.europesays.com\/pt\/200454\/","title":{"rendered":"Papa alerta contra \u00abfantasmas da divis\u00e3o\u00bb no governo central da Igreja \u2013 Ag\u00eancia ECCLESIA"},"content":{"rendered":"<p style=\"font-weight: 400;\">Le\u00e3o XIV evoca \u00abvoz prof\u00e9tica\u00bb do Papa Francisco no seu primeiro discurso de Natal aos respons\u00e1veis dos organismos centrais de governo da Igreja<\/p>\n<p><a href=\"https:\/\/www.europesays.com\/pt\/wp-content\/uploads\/2025\/12\/Papa-Leao-XIV-Natal-Curia.jpg\"><img fetchpriority=\"high\" decoding=\"async\" class=\"wp-image-404773 size-full\" src=\"https:\/\/www.europesays.com\/pt\/wp-content\/uploads\/2025\/12\/Papa-Leao-XIV-Natal-Curia.jpg\" alt=\"\" width=\"1500\" height=\"1000\"   data-mwl-img-id=\"404773\"\/><\/a>Foto Vatican Media\/EPA\/Lusa<\/p>\n<p style=\"font-weight: 400;\">Cidade do Vaticano, 22 dez 2025 (Ecclesia) \u2013 O Papa alertou hoje os cardeais e respons\u00e1veis da C\u00faria Romana sobre a qualidade das suas rela\u00e7\u00f5es humanas, alertando contra os \u201cfantasmas da divis\u00e3o\u201d no governo central da Igreja.<\/p>\n<p style=\"font-weight: 400;\">\u201cPor vezes, por tr\u00e1s de uma aparente tranquilidade, agitam-se os fantasmas da divis\u00e3o. E estes fazem-nos cair na tenta\u00e7\u00e3o de oscilar entre dois extremos opostos: uniformizar tudo sem valorizar as diferen\u00e7as ou, pelo contr\u00e1rio, exacerbar as diversidades e os pontos de vista em vez de procurar a comunh\u00e3o\u201d, apontou Le\u00e3o XIV, num encontro transmitido pelos meios de comunica\u00e7\u00e3o do Vaticano.<\/p>\n<p style=\"font-weight: 400;\">No primeiro encontro de Natal com a C\u00faria Romana, o Papa prestou homenagem ao seu antecessor, que faleceu a 21 de abril.<\/p>\n<blockquote>\n<p style=\"font-weight: 400;\">Desejo antes de mais recordar o meu amado predecessor, Papa Francisco, que neste ano concluiu a sua vida terrena. A sua voz prof\u00e9tica, o seu estilo pastoral e o seu rico magist\u00e9rio marcaram o caminho da Igreja nestes anos, encorajando-nos sobretudo a recolocar a miseric\u00f3rdia de Deus no centro\u201d.<\/p>\n<\/blockquote>\n<p style=\"font-weight: 400;\">Le\u00e3o XIV abordou a vida interna da C\u00faria (\u201cad intra\u201d), sublinhando que, ao tratar temas de f\u00e9, liturgia ou moral, os colaboradores da Santa S\u00e9 podem correr o risco de cair \u201cv\u00edtimas da rigidez ou da ideologia, com as contraposi\u00e7\u00f5es que da\u00ed adv\u00eam\u201d.<\/p>\n<p style=\"font-weight: 400;\">O discurso apresentou uma reflex\u00e3o o ambiente de trabalho e as ambi\u00e7\u00f5es pessoais, no Vaticano.<\/p>\n<p style=\"font-weight: 400;\">\u201cPercebemos com desgosto que certas din\u00e2micas relacionadas ao exerc\u00edcio do poder, ao desejo desenfreado de se destacar e \u00e0 defesa dos pr\u00f3prios interesses n\u00e3o mudam facilmente. E perguntamo-nos: \u00e9 poss\u00edvel ser amigos na C\u00faria Romana? Ter rela\u00e7\u00f5es de amig\u00e1vel fraternidade?\u201d, interrogou o pont\u00edfice.<\/p>\n<p style=\"font-weight: 400;\">Le\u00e3o XIV defendeu a necessidade de uma convers\u00e3o pessoal onde \u201ccaem m\u00e1scaras e subterf\u00fagios\u201d e onde \u201cas pessoas n\u00e3o s\u00e3o usadas nem \u201cpassadas por cima\u201d.<\/p>\n<blockquote>\n<p style=\"font-weight: 400;\">O Natal recorda-nos que Jesus veio para nos revelar o verdadeiro rosto de Deus como Pai, para que todos pud\u00e9ssemos tornar-nos seus filhos e, em consequ\u00eancia, irm\u00e3os e irm\u00e3s entre n\u00f3s. O amor do Pai, que Jesus encarna e manifesta nos seus gestos de liberta\u00e7\u00e3o e na sua prega\u00e7\u00e3o, torna-nos capazes, no Esp\u00edrito Santo, de ser sinal de uma nova humanidade\u201d.<\/p>\n<\/blockquote>\n<p style=\"font-weight: 400;\">O discurso abordou a dimens\u00e3o externa da miss\u00e3o (\u201cad extra\u201d), real\u00e7ando que as estruturas da Igreja devem estar ao servi\u00e7o da evangeliza\u00e7\u00e3o.<\/p>\n<p style=\"font-weight: 400;\">\u201cAs estruturas n\u00e3o devem sobrecarregar, retardar a difus\u00e3o do Evangelho ou impedir o dinamismo da evangeliza\u00e7\u00e3o\u201d, referiu, acrescentando que \u00e9 necess\u00e1ria \u201cuma C\u00faria Romana cada vez mais mission\u00e1ria\u201d e n\u00e3o apenas \u201cpara garantir a administra\u00e7\u00e3o ordin\u00e1ria\u201d.<\/p>\n<p style=\"font-weight: 400;\">O Papa deixou ainda uma palavra para o contexto mundial, lamentando o clima de tens\u00e3o social e pol\u00edtica na sociedade.<\/p>\n<p style=\"font-weight: 400;\">\u201cAssistimos tamb\u00e9m a um aumento da agressividade e da raiva, frequentemente instrumentalizadas pelo mundo digital e pela pol\u00edtica\u201d, observou, pedindo que a Igreja seja \u201cfermento de fraternidade universal\u201d.<\/p>\n<p style=\"font-weight: 400;\">A encerrar a sua interven\u00e7\u00e3o, Le\u00e3o XIV recordou os 50 anos da exorta\u00e7\u00e3o \u2018Evangelii Nuntiandi\u2019, de S\u00e3o Paulo VI, sublinhando que \u201co testemunho de uma vida autenticamente crist\u00e3\u201d \u00e9 \u201co primeiro meio de evangeliza\u00e7\u00e3o\u201d.<\/p>\n<p style=\"font-weight: 400;\">A interven\u00e7\u00e3o XIV decorreu na reta final do Jubileu convocado e aberto pelo Papa Francisco.<\/p>\n<blockquote>\n<p style=\"font-weight: 400;\">O Jubileu deste ano lembrou-nos que somente Cristo \u00e9 a esperan\u00e7a que n\u00e3o engana. E, justamente durante o Ano Santo, datas importantes nos fizeram lembrar outros dois eventos: o Conc\u00edlio de Niceia, que nos remete \u00e0s ra\u00edzes da nossa f\u00e9, e o Conc\u00edlio Vaticano II, que, fixando o olhar em Cristo, consolidou a Igreja e a impulsionou ao encontro do mundo, na atitude de escutar as alegrias e esperan\u00e7as, as tristezas e ang\u00fastias dos homens de hoje\u201d.<\/p>\n<\/blockquote>\n<p style=\"font-weight: 400;\">A sauda\u00e7\u00e3o inicial esteve a cargo do cardeal Giovanni Battista Re, decano do Col\u00e9gio Cardinal\u00edcio, que destacou o impacto do Ano Santo e elogiou os \u201capelos \u00e0 reconcilia\u00e7\u00e3o e \u00e0 paz desarmada e desarmante\u201d, no atual pontificado.<\/p>\n<p style=\"font-weight: 400;\">O Papa re\u00fane-se ainda hoje com os trabalhadores da Santa S\u00e9, Estado da Cidade do Vaticano e Vicariato de Roma, para a troca de votos natal\u00edcios.<\/p>\n<p style=\"font-weight: 400;\">OC<\/p>\n","protected":false},"excerpt":{"rendered":"Le\u00e3o XIV evoca \u00abvoz prof\u00e9tica\u00bb do Papa Francisco no seu primeiro discurso de Natal aos respons\u00e1veis dos organismos&hellip;\n","protected":false},"author":2,"featured_media":200455,"comment_status":"","ping_status":"","sticky":false,"template":"","format":"standard","meta":{"footnotes":""},"categories":[50],"tags":[27,28,15,16,14,25,26,21,22,62,12,13,19,20,23,24,17,18,29,30,31,63,64,65],"class_list":{"0":"post-200454","1":"post","2":"type-post","3":"status-publish","4":"format-standard","5":"has-post-thumbnail","7":"category-mundo","8":"tag-breaking-news","9":"tag-breakingnews","10":"tag-featured-news","11":"tag-featurednews","12":"tag-headlines","13":"tag-latest-news","14":"tag-latestnews","15":"tag-main-news","16":"tag-mainnews","17":"tag-mundo","18":"tag-news","19":"tag-noticias","20":"tag-noticias-principais","21":"tag-noticiasprincipais","22":"tag-principais-noticias","23":"tag-principaisnoticias","24":"tag-top-stories","25":"tag-topstories","26":"tag-ultimas","27":"tag-ultimas-noticias","28":"tag-ultimasnoticias","29":"tag-world","30":"tag-world-news","31":"tag-worldnews"},"share_on_mastodon":{"url":"https:\/\/pubeurope.com\/@pt\/115771528295504559","error":""},"_links":{"self":[{"href":"https:\/\/www.europesays.com\/pt\/wp-json\/wp\/v2\/posts\/200454","targetHints":{"allow":["GET"]}}],"collection":[{"href":"https:\/\/www.europesays.com\/pt\/wp-json\/wp\/v2\/posts"}],"about":[{"href":"https:\/\/www.europesays.com\/pt\/wp-json\/wp\/v2\/types\/post"}],"author":[{"embeddable":true,"href":"https:\/\/www.europesays.com\/pt\/wp-json\/wp\/v2\/users\/2"}],"replies":[{"embeddable":true,"href":"https:\/\/www.europesays.com\/pt\/wp-json\/wp\/v2\/comments?post=200454"}],"version-history":[{"count":0,"href":"https:\/\/www.europesays.com\/pt\/wp-json\/wp\/v2\/posts\/200454\/revisions"}],"wp:featuredmedia":[{"embeddable":true,"href":"https:\/\/www.europesays.com\/pt\/wp-json\/wp\/v2\/media\/200455"}],"wp:attachment":[{"href":"https:\/\/www.europesays.com\/pt\/wp-json\/wp\/v2\/media?parent=200454"}],"wp:term":[{"taxonomy":"category","embeddable":true,"href":"https:\/\/www.europesays.com\/pt\/wp-json\/wp\/v2\/categories?post=200454"},{"taxonomy":"post_tag","embeddable":true,"href":"https:\/\/www.europesays.com\/pt\/wp-json\/wp\/v2\/tags?post=200454"}],"curies":[{"name":"wp","href":"https:\/\/api.w.org\/{rel}","templated":true}]}}