{"id":200462,"date":"2025-12-23T23:45:28","date_gmt":"2025-12-23T23:45:28","guid":{"rendered":"https:\/\/www.europesays.com\/pt\/200462\/"},"modified":"2025-12-23T23:45:28","modified_gmt":"2025-12-23T23:45:28","slug":"nova-serie-de-ryan-murphy-the-beauty-ganha-teaser-oficial","status":"publish","type":"post","link":"https:\/\/www.europesays.com\/pt\/200462\/","title":{"rendered":"Nova s\u00e9rie de Ryan Murphy, The Beauty ganha teaser oficial"},"content":{"rendered":"<p class=\"wp-block-yoast-seo-estimated-reading-time yoast-reading-time__wrapper\">Estimated reading time: 2 minutos<\/p>\n<p>Com produ\u00e7\u00e3o de\u00a0<a href=\"https:\/\/ovicio.com.br\/tag\/ryan-murphy\/\" target=\"_blank\" rel=\"noreferrer noopener nofollow\">Ryan Murphy<\/a>, conhecido por seus trabalhos em <strong>American Horror Story<\/strong>\u00a0e\u00a0<strong>Tudo \u00e9 Justo<\/strong>, a s\u00e9rie\u00a0<strong>The Beauty<\/strong>\u00a0recebeu um teaser oficial pelo\u00a0<strong>FX Network<\/strong>.<\/p>\n<p>Os tr\u00eas primeiros epis\u00f3dios chegar\u00e3o em\u00a0<strong>21 de janeiro de 2026<\/strong>\u00a0ao cat\u00e1logo do\u00a0<strong>Disney+<\/strong>.<\/p>\n<p>Depois disso, os oito cap\u00edtulos seguintes ser\u00e3o lan\u00e7ados semanalmente \u00e0s quartas-feiras, com epis\u00f3dios duplos nas duas semanas finais.<\/p>\n<p>Na trama, o mundo da alta moda mergulha na escurid\u00e3o quando supermodelos internacionais come\u00e7am a morrer de maneiras brutais e misteriosas. Os agentes do FBI Cooper Madsen (<strong>Evan Peters<\/strong>) e Jordan Bennett (<strong>Rebecca Hall<\/strong>) s\u00e3o enviados a Paris para desvendar o caso.<\/p>\n<p>\u00c0 medida que avan\u00e7am na investiga\u00e7\u00e3o, descobrem um v\u00edrus s**ualmente transmiss\u00edvel capaz de transformar pessoas comuns em vis\u00f5es de perfei\u00e7\u00e3o f\u00edsica \u2014 mas com consequ\u00eancias aterrorizantes.<\/p>\n<p>A trilha dos agentes os coloca diretamente na mira do l\u00edder da Corpora\u00e7\u00e3o (<strong>Ashton Kutcher<\/strong>), um bilion\u00e1rio da tecnologia que criou secretamente a droga milagrosa e far\u00e1 de tudo para proteger seu imp\u00e9rio \u2014 incluindo liberar seu executor mortal, O Assassino (<strong>Anthony Ramos<\/strong>).<\/p>\n<p>Adicionalmente, tamb\u00e9m acompanhamos Jeremy (<strong>Jeremy Pope<\/strong>), um forasteiro em busca de prop\u00f3sito em meio ao caos, enquanto os agentes cruzam Paris, Veneza, Roma e Nova York para impedir uma amea\u00e7a capaz de alterar o futuro da humanidade.<\/p>\n<p>Leia mais sobre Ryan Murphy:<\/p>\n<p><strong>Bella Hadid<\/strong>,\u00a0<strong>Billy Eichner<\/strong>,\u00a0<strong>Lux Pascal<\/strong>\u00a0e\u00a0<strong>Vincent D\u2019Onofrio<\/strong> ter\u00e3o participa\u00e7\u00f5es especiais.<\/p>\n<p><strong>Fonte<\/strong>: <a href=\"https:\/\/www.youtube.com\/watch?v=tZSxs3sPcto\" target=\"_blank\" rel=\"noreferrer noopener nofollow\">FX Network<\/a><\/p>\n","protected":false},"excerpt":{"rendered":"Estimated reading time: 2 minutos Com produ\u00e7\u00e3o de\u00a0Ryan Murphy, conhecido por seus trabalhos em American Horror Story\u00a0e\u00a0Tudo \u00e9&hellip;\n","protected":false},"author":2,"featured_media":200463,"comment_status":"","ping_status":"","sticky":false,"template":"","format":"standard","meta":{"footnotes":""},"categories":[142],"tags":[7539,114,115,32,33,39954,151],"class_list":{"0":"post-200462","1":"post","2":"type-post","3":"status-publish","4":"format-standard","5":"has-post-thumbnail","7":"category-tv","8":"tag-disney-plus","9":"tag-entertainment","10":"tag-entretenimento","11":"tag-portugal","12":"tag-pt","13":"tag-the-beauty","14":"tag-tv"},"share_on_mastodon":{"url":"https:\/\/pubeurope.com\/@pt\/115771547553528422","error":""},"_links":{"self":[{"href":"https:\/\/www.europesays.com\/pt\/wp-json\/wp\/v2\/posts\/200462","targetHints":{"allow":["GET"]}}],"collection":[{"href":"https:\/\/www.europesays.com\/pt\/wp-json\/wp\/v2\/posts"}],"about":[{"href":"https:\/\/www.europesays.com\/pt\/wp-json\/wp\/v2\/types\/post"}],"author":[{"embeddable":true,"href":"https:\/\/www.europesays.com\/pt\/wp-json\/wp\/v2\/users\/2"}],"replies":[{"embeddable":true,"href":"https:\/\/www.europesays.com\/pt\/wp-json\/wp\/v2\/comments?post=200462"}],"version-history":[{"count":0,"href":"https:\/\/www.europesays.com\/pt\/wp-json\/wp\/v2\/posts\/200462\/revisions"}],"wp:featuredmedia":[{"embeddable":true,"href":"https:\/\/www.europesays.com\/pt\/wp-json\/wp\/v2\/media\/200463"}],"wp:attachment":[{"href":"https:\/\/www.europesays.com\/pt\/wp-json\/wp\/v2\/media?parent=200462"}],"wp:term":[{"taxonomy":"category","embeddable":true,"href":"https:\/\/www.europesays.com\/pt\/wp-json\/wp\/v2\/categories?post=200462"},{"taxonomy":"post_tag","embeddable":true,"href":"https:\/\/www.europesays.com\/pt\/wp-json\/wp\/v2\/tags?post=200462"}],"curies":[{"name":"wp","href":"https:\/\/api.w.org\/{rel}","templated":true}]}}