{"id":200492,"date":"2025-12-24T00:08:07","date_gmt":"2025-12-24T00:08:07","guid":{"rendered":"https:\/\/www.europesays.com\/pt\/200492\/"},"modified":"2025-12-24T00:08:07","modified_gmt":"2025-12-24T00:08:07","slug":"dois-alemaes-mortos-a-pancada-durante-rixa-com-polacos-em-espanha","status":"publish","type":"post","link":"https:\/\/www.europesays.com\/pt\/200492\/","title":{"rendered":"Dois alem\u00e3es mortos \u00e0 pancada durante rixa com polacos em Espanha"},"content":{"rendered":"<p data-remotead-prev-elm=\"true\" data-remotead-elm-id=\"inread\">&#8220;Em rela\u00e7\u00e3o ao suposto homic\u00eddio de duas pessoas numa zona rural de Elche, ontem, dia 22 de dezembro, por volta das 18 horas, a Guarda Civil de Alicante confirma que \u00e0s 14 horas de hoje foram detidos os dois supostos autores, que ser\u00e3o colocados \u00e0 disposi\u00e7\u00e3o da Justi\u00e7a o mais rapidamente poss\u00edvel&#8221;, assinalou a institui\u00e7\u00e3o em comunicado transmitido \u00e0 AFP. &#8220;O tribunal respons\u00e1vel pelo caso decretou o sigilo das dilig\u00eancias, visto que, at\u00e9 o momento, n\u00e3o \u00e9 poss\u00edvel fornecer mais dados&#8221;.<\/p>\n<p>A Guarda Civil n\u00e3o quis informar as nacionalidades das v\u00edtimas nem dos suspeitos detidos. Por\u00e9m, segundo o jornal espanhol &#8220;El Pa\u00eds&#8221;, as duas v\u00edtimas mortais tinham nacionalidade alem\u00e3, e os supostos assassinos, que se tinham refugiado numa casa antes de serem detidos, s\u00e3o polacos e possuem antecedentes criminais em Espanha.<\/p>\n<p>Citando &#8220;o sigilo da investiga\u00e7\u00e3o&#8221;, a Guarda Civil n\u00e3o confirmou a presen\u00e7a de uma terceira v\u00edtima que, segundo o &#8220;El Pa\u00eds&#8221;, ter\u00e1 ficado gravemente ferida e foi hospitalizada. A nacionalidade da suposta terceira v\u00edtima n\u00e3o \u00e9 conhecida.<\/p>\n<p>Ainda de acordo com os primeiros elementos da investiga\u00e7\u00e3o apresentados pelo jornal espanhol, as tr\u00eas v\u00edtimas teriam tentado retirar os dois suspeitos de uma casa que estavam a ocupar, o que provocou o confronto.<\/p>\n","protected":false},"excerpt":{"rendered":"&#8220;Em rela\u00e7\u00e3o ao suposto homic\u00eddio de duas pessoas numa zona rural de Elche, ontem, dia 22 de dezembro,&hellip;\n","protected":false},"author":2,"featured_media":200493,"comment_status":"","ping_status":"","sticky":false,"template":"","format":"standard","meta":{"footnotes":""},"categories":[50],"tags":[27,28,640,15,16,14,5564,25,26,21,22,62,12,13,19,20,23,24,32080,17,18,29,30,31,63,64,65],"class_list":{"0":"post-200492","1":"post","2":"type-post","3":"status-publish","4":"format-standard","5":"has-post-thumbnail","7":"category-mundo","8":"tag-breaking-news","9":"tag-breakingnews","10":"tag-espanha","11":"tag-featured-news","12":"tag-featurednews","13":"tag-headlines","14":"tag-homicidio","15":"tag-latest-news","16":"tag-latestnews","17":"tag-main-news","18":"tag-mainnews","19":"tag-mundo","20":"tag-news","21":"tag-noticias","22":"tag-noticias-principais","23":"tag-noticiasprincipais","24":"tag-principais-noticias","25":"tag-principaisnoticias","26":"tag-rixa","27":"tag-top-stories","28":"tag-topstories","29":"tag-ultimas","30":"tag-ultimas-noticias","31":"tag-ultimasnoticias","32":"tag-world","33":"tag-world-news","34":"tag-worldnews"},"share_on_mastodon":{"url":"https:\/\/pubeurope.com\/@pt\/115771638217046588","error":""},"_links":{"self":[{"href":"https:\/\/www.europesays.com\/pt\/wp-json\/wp\/v2\/posts\/200492","targetHints":{"allow":["GET"]}}],"collection":[{"href":"https:\/\/www.europesays.com\/pt\/wp-json\/wp\/v2\/posts"}],"about":[{"href":"https:\/\/www.europesays.com\/pt\/wp-json\/wp\/v2\/types\/post"}],"author":[{"embeddable":true,"href":"https:\/\/www.europesays.com\/pt\/wp-json\/wp\/v2\/users\/2"}],"replies":[{"embeddable":true,"href":"https:\/\/www.europesays.com\/pt\/wp-json\/wp\/v2\/comments?post=200492"}],"version-history":[{"count":0,"href":"https:\/\/www.europesays.com\/pt\/wp-json\/wp\/v2\/posts\/200492\/revisions"}],"wp:featuredmedia":[{"embeddable":true,"href":"https:\/\/www.europesays.com\/pt\/wp-json\/wp\/v2\/media\/200493"}],"wp:attachment":[{"href":"https:\/\/www.europesays.com\/pt\/wp-json\/wp\/v2\/media?parent=200492"}],"wp:term":[{"taxonomy":"category","embeddable":true,"href":"https:\/\/www.europesays.com\/pt\/wp-json\/wp\/v2\/categories?post=200492"},{"taxonomy":"post_tag","embeddable":true,"href":"https:\/\/www.europesays.com\/pt\/wp-json\/wp\/v2\/tags?post=200492"}],"curies":[{"name":"wp","href":"https:\/\/api.w.org\/{rel}","templated":true}]}}