{"id":200589,"date":"2025-12-24T01:53:12","date_gmt":"2025-12-24T01:53:12","guid":{"rendered":"https:\/\/www.europesays.com\/pt\/200589\/"},"modified":"2025-12-24T01:53:12","modified_gmt":"2025-12-24T01:53:12","slug":"atriz-judi-dench-anuncia-afastamento-das-telas-por-doenca-ocular-grave-record","status":"publish","type":"post","link":"https:\/\/www.europesays.com\/pt\/200589\/","title":{"rendered":"Atriz Judi Dench anuncia afastamento das telas por doen\u00e7a ocular grave \u2013 Record"},"content":{"rendered":"<p class=\"jarvics:base-text-neutral-high-400 base-text-[calc(theme(fontSize.xs)_*_var(--font-size,_1))] base-font-normal base-font-primary base-text-neutral-low-500 base-text-left\">A atriz brit\u00e2nica Judi Dench, de 91 anos, revelou que precisou se afastar das telas mais cedo do que gostaria por conta de uma doen\u00e7a ocular s\u00e9ria. Em 2012, ela recebeu o diagn\u00f3stico de DMRI (Degenera\u00e7\u00e3o Macular Relacionada \u00e0 Idade), uma doen\u00e7a que atinge a m\u00e1cula, uma parte do fundo do olho respons\u00e1vel pela vis\u00e3o central, e que usamos para dirigir, ler e reconhecer rostos.\n<\/p>\n<p>A DMRI normalmente aparece depois dos 50 anos e \u00e9 uma das principais causas de perda de vis\u00e3o. A m\u00e3e de Judi teve o mesmo o problema, o que aumenta a chance de desenvolver a doen\u00e7a. Em uma entrevista, a atriz disse que n\u00e3o consegue mais ler roteiros, assistir TV ou reconhecer rostos, o que inviabiliza continuar atuando.\n<\/p>\n<p>Judi Dench iniciou no teatro shakespeariano aos 22 anos e ingressou em Hollywood oito anos depois. Ganhadora do Oscar por Shakespeare Apaixonado em 1998, ela ficou mundialmente conhecida como M, a chefe direta de James Bond na franquia de filmes 007.\n<\/p>\n<p>A DMRI tamb\u00e9m tirou a vis\u00e3o de outros famosos, como o escritor Stephen King, o cantor Tom Jones e atriz Maggie Smith. O n\u00famero de pessoas com a doen\u00e7a est\u00e1 aumentando devido ao envelhecimento da popula\u00e7\u00e3o. Estima-se que 200 milh\u00f5es de adultos tenham algum grau da degenera\u00e7\u00e3o no mundo, sendo 20 milh\u00f5es apenas nos Estados Unidos.\n<\/p>\n<p>N\u00e3o h\u00e1 como prevenir totalmente a DMRI, mas \u00e9 poss\u00edvel diminuir o risco. Para isso, \u00e9 necess\u00e1rio n\u00e3o fumar, controlar a press\u00e3o, diabetes e o colesterol e ter uma boa alimenta\u00e7\u00e3o, al\u00e9m de usar \u00f3culos escuros para evitar os danos dos raios ultravioletas.<\/p>\n<p><b>O PlayPlus agora \u00e9 RecordPlus: mais conte\u00fado da RECORD para voc\u00ea, ao vivo e de gra\u00e7a. Baixe o app <b><a href=\"https:\/\/descubra.recordplus.com\/\" rel=\"nofollow noopener\" target=\"_blank\">aqui!<\/a><\/b><\/b><\/p>\n","protected":false},"excerpt":{"rendered":"A atriz brit\u00e2nica Judi Dench, de 91 anos, revelou que precisou se afastar das telas mais cedo do&hellip;\n","protected":false},"author":2,"featured_media":200590,"comment_status":"","ping_status":"","sticky":false,"template":"","format":"standard","meta":{"footnotes":""},"categories":[145],"tags":[3730,211,210,114,115,32,33],"class_list":{"0":"post-200589","1":"post","2":"type-post","3":"status-publish","4":"format-standard","5":"has-post-thumbnail","7":"category-celebridades","8":"tag-balanco-geral","9":"tag-celebridades","10":"tag-celebrities","11":"tag-entertainment","12":"tag-entretenimento","13":"tag-portugal","14":"tag-pt"},"share_on_mastodon":{"url":"https:\/\/pubeurope.com\/@pt\/115772050841946166","error":""},"_links":{"self":[{"href":"https:\/\/www.europesays.com\/pt\/wp-json\/wp\/v2\/posts\/200589","targetHints":{"allow":["GET"]}}],"collection":[{"href":"https:\/\/www.europesays.com\/pt\/wp-json\/wp\/v2\/posts"}],"about":[{"href":"https:\/\/www.europesays.com\/pt\/wp-json\/wp\/v2\/types\/post"}],"author":[{"embeddable":true,"href":"https:\/\/www.europesays.com\/pt\/wp-json\/wp\/v2\/users\/2"}],"replies":[{"embeddable":true,"href":"https:\/\/www.europesays.com\/pt\/wp-json\/wp\/v2\/comments?post=200589"}],"version-history":[{"count":0,"href":"https:\/\/www.europesays.com\/pt\/wp-json\/wp\/v2\/posts\/200589\/revisions"}],"wp:featuredmedia":[{"embeddable":true,"href":"https:\/\/www.europesays.com\/pt\/wp-json\/wp\/v2\/media\/200590"}],"wp:attachment":[{"href":"https:\/\/www.europesays.com\/pt\/wp-json\/wp\/v2\/media?parent=200589"}],"wp:term":[{"taxonomy":"category","embeddable":true,"href":"https:\/\/www.europesays.com\/pt\/wp-json\/wp\/v2\/categories?post=200589"},{"taxonomy":"post_tag","embeddable":true,"href":"https:\/\/www.europesays.com\/pt\/wp-json\/wp\/v2\/tags?post=200589"}],"curies":[{"name":"wp","href":"https:\/\/api.w.org\/{rel}","templated":true}]}}