{"id":200785,"date":"2025-12-24T08:30:31","date_gmt":"2025-12-24T08:30:31","guid":{"rendered":"https:\/\/www.europesays.com\/pt\/200785\/"},"modified":"2025-12-24T08:30:31","modified_gmt":"2025-12-24T08:30:31","slug":"caos-logistico-em-leixoes-suspende-exportacoes-observador","status":"publish","type":"post","link":"https:\/\/www.europesays.com\/pt\/200785\/","title":{"rendered":"&#8220;Caos log\u00edstico&#8221; em Leix\u00f5es suspende exporta\u00e7\u00f5es \u2013 Observador"},"content":{"rendered":"<p>A Associa\u00e7\u00e3o dos Transit\u00e1rios de Portugal (APAT) alertou esta segunda-feira para um \u201ccaos log\u00edstico\u201d no porto de Leix\u00f5es devido a um novo sistema aduaneiro, tendo a concession\u00e1ria Yilport interrompido rece\u00e7\u00f5es de contentores para exporta\u00e7\u00e3o e os despachantes pedido medidas transit\u00f3rias.<\/p>\n<p>De acordo com um comunicado da APAT enviado hoje \u00e0 Lusa, \u201cde momento, o Porto de Leix\u00f5es n\u00e3o pode receber contentores para embarque, uma vez que a capacidade dispon\u00edvel se encontra lotada devido \u00e0 quantidade de contentores \u2014 em espera \u2014 no terminal\u201d.<\/p>\n<p>\u201cCaos \u00e9 a palavra que os agentes encontram \u2014 e repetem \u2014 para descrever uma situa\u00e7\u00e3o que poderia, facilmente, ter sido evitada e que penaliza gravemente a economia nacional, as suas exporta\u00e7\u00f5es e importa\u00e7\u00f5es, agravando-se pela circunst\u00e2ncia de estarmos a falar do maior porto mar\u00edtimo do Norte do pa\u00eds\u201d, refere o comunicado.<\/p>\n<p>Em causa est\u00e1, segundo a APAT, a \u201cimpreparada e precipitada introdu\u00e7\u00e3o, por parte da Autoridade Tribut\u00e1ria, de uma nova plataforma de harmoniza\u00e7\u00e3o aduaneira\u201d, o Sistema Integrado dos Meios de Transporte e das Mercadorias (SiMTeM), pelo que \u201cas cargas encontram-se estagnadas e as opera\u00e7\u00f5es totalmente bloqueadas, colocando em risco o Natal e as cadeias de abastecimento vitais\u201d.<\/p>\n<p>Tamb\u00e9m o concession\u00e1rio Yilport, que opera o Terminal de Contentores de Leix\u00f5es, em Matosinhos, no distrito do Porto, informou os operadores, segundo uma mensagem a que a Lusa teve acesso, que se viu compelido \u201ca interromper a rece\u00e7\u00e3o de contentores de exporta\u00e7\u00e3o\u201d a partir de hoje.<\/p>\n<p>Em causa est\u00e1 a \u201csitua\u00e7\u00e3o complexa atualmente verificada no Terminal de Contentores de Leix\u00f5es (TCL), decorrente do acumular de contentores de importa\u00e7\u00e3o em parque, j\u00e1 h\u00e1 v\u00e1rios dias, sem que seja rececionada a sua autoriza\u00e7\u00e3o de sa\u00edda pelo TCL\/Yilport Leix\u00f5es, e na sequ\u00eancia da entrada em vigor do sistema SiMTeM neste porto e de v\u00e1rias disfun\u00e7\u00f5es e dificuldades em processar as autoriza\u00e7\u00f5es de sa\u00edda por parte de todos os intervenientes no processo de desalfandegamento\u201d.<\/p>\n<p>J\u00e1 o baston\u00e1rio dos Despachantes Oficiais, M\u00e1rio Jorge, numa carta enviada \u00e0 secret\u00e1ria de Estado dos Assuntos Fiscais, Cl\u00e1udia Reis Duarte, \u00e0 diretora-geral da Autoridade Tribut\u00e1ria, Helena Alves Borges, a outros subdiretores e a diversos operadores portu\u00e1rios apela \u201c\u00e0 resolu\u00e7\u00e3o dos constrangimentos \u00e0 sa\u00edda de contentores dos terminais portu\u00e1rios\u201d.<\/p>\n<p>A Ordem dos Despachantes Oficiais dirige um apelo \u201cno sentido de serem encontradas solu\u00e7\u00f5es pr\u00e1ticas e excecionais que permitam a liberta\u00e7\u00e3o de contentores atualmente retidos, exclusivamente em resultado de erros e constrangimentos t\u00e9cnicos verificados no sistema SiMTeM\u201d, pode ler-se na carta.<\/p>\n<p>Defendendo que \u201cos constrangimentos ora verificados s\u00e3o alheios \u00e0 vontade e \u00e0 atua\u00e7\u00e3o destes profissionais, resultando de falhas t\u00e9cnicas que t\u00eam impedido a normal tramita\u00e7\u00e3o dos processos\u201d, pede que \u201cseja considerada a ado\u00e7\u00e3o de mecanismos transit\u00f3rios que permitam a liberta\u00e7\u00e3o dos contentores afetados, salvaguardando naturalmente os interesses de todas as entidades e sem preju\u00edzo da posterior regulariza\u00e7\u00e3o administrativa logo que o sistema se encontre plenamente funcional\u201d.<\/p>\n<p>A APAT considera que \u201ceste processo de entrada em produ\u00e7\u00e3o do SiMTeM criou uma gritante disfuncionalidade totalmente evit\u00e1vel\u201d, lembrando que foi \u201cperent\u00f3ria em alertar, de forma sistem\u00e1tica e insistente, para os perigos de uma introdu\u00e7\u00e3o impreparada da nova plataforma de harmoniza\u00e7\u00e3o de procedimentos aduaneiros \u2014 conhecida por SiMTeM\u201d.<\/p>\n<p>\u201cSem os devidos procedimentos de testagem, cruciais para a exig\u00edvel fluidez das mercadorias e respetivo regular funcionamento das cadeias de abastecimento, a entrada em produ\u00e7\u00e3o da plataforma seria n\u00e3o menos que ca\u00f3tica\u201d, refere. No dia 05 de dezembro, a APAT j\u00e1 tinha pedido\u00a0o adiamento da entrada em produ\u00e7\u00e3o do SiMTeM, que visa a harmoniza\u00e7\u00e3o dos procedimentos do setor aduaneiro com a Europa.<\/p>\n<p>A Lusa questionou o Minist\u00e9rio das Finan\u00e7as, que tem a tutela da Autoridade Tribut\u00e1ria e Aduaneira (AT), e aguarda resposta.<\/p>\n<p>O Governo da Madeira (PSD\/CDS-PP) pediu a interven\u00e7\u00e3o do Minist\u00e9rio das Infraestruturas e Habita\u00e7\u00e3o para resolver o abastecimento da regi\u00e3o, classificando como \u201cinaceit\u00e1vel\u201d a acumula\u00e7\u00e3o de contentores no porto de Leix\u00f5es devido a um novo sistema aduaneiro.<\/p>\n<p>\u201c\u00c9 inaceit\u00e1vel o que se est\u00e1 a passar no porto de Leix\u00f5es com a reten\u00e7\u00e3o da carga para a Madeira que p\u00f5e em causa o abastecimento de bens essenciais e de mercadorias nesta altura do ano\u201d, refere o secret\u00e1rio regional da Economia, o centrista Jos\u00e9 Manuel Rodrigues, numa carta enviada ao ministro Miguel Pinto Luz.<\/p>\n<p>O governante madeirense entende que o Governo Central deve intervir rapidamente para desbloquear a situa\u00e7\u00e3o, que considera ser \u201caltamente lesiva da economia regional\u201d, prejudicando \u201ca vida das empresas e das fam\u00edlias\u201d.<\/p>\n<p>Jos\u00e9 Manuel Rodrigues sublinha que em causa est\u00e1 o acumular de contentores no porto de Leix\u00f5es devido \u00e0s mudan\u00e7as para um novo sistema inform\u00e1tico, que obrigou o concession\u00e1rio Yilport a fechar as portas \u00e0 entrada de novos contentores por falta de espa\u00e7o.<\/p>\n<p>O secret\u00e1rio regional da Econ\u00f3mica refere que o Terminal de Contentores de Leix\u00f5es (TCL) emitiu um comunicado indicando que a \u201csitua\u00e7\u00e3o complexa\u201d decorre da entrada em vigor do SiMTeM \u2014 Sistema Integrado dos Meios de Transporte e das Mercadorias e de \u201cv\u00e1rias disfun\u00e7\u00f5es e dificuldades em processar as autoriza\u00e7\u00f5es de sa\u00edda por parte de todos os intervenientes no processo de desalfandegamento\u201d.<\/p>\n<p>No mesmo comunicado, o concession\u00e1rio do TCL informa ter sido compelido a interromper a rece\u00e7\u00e3o de contentores de exporta\u00e7\u00e3o a partir de 23 de dezembro de 2025.<\/p>\n<p>\u201cEsta decis\u00e3o p\u00f5e em causa o normal abastecimento da Madeira, em especial nesta \u00e9poca natal\u00edcia\u201d, afirma Jos\u00e9 Manuel Rodrigues, apelando aos \u201cesfor\u00e7os de todas as partes\u201d, nomeadamente servi\u00e7os alfandeg\u00e1rios e Governo da Rep\u00fablica, para que sejam encontradas solu\u00e7\u00f5es rapidamente.<\/p>\n","protected":false},"excerpt":{"rendered":"A Associa\u00e7\u00e3o dos Transit\u00e1rios de Portugal (APAT) alertou esta segunda-feira para um \u201ccaos log\u00edstico\u201d no porto de Leix\u00f5es&hellip;\n","protected":false},"author":2,"featured_media":200786,"comment_status":"","ping_status":"","sticky":false,"template":"","format":"standard","meta":{"footnotes":""},"categories":[10],"tags":[4304,27,28,2562,476,4069,15,16,4305,14,25,26,21,22,12,13,19,20,7263,32,23,24,33,17,18,2588,7272,29,30,31],"class_list":{"0":"post-200785","1":"post","2":"type-post","3":"status-publish","4":"format-standard","5":"has-post-thumbnail","7":"category-portugal","8":"tag-autoridade-tributu00e1ria","9":"tag-breaking-news","10":"tag-breakingnews","11":"tag-comu00e9rcio-externo","12":"tag-economia","13":"tag-exportau00e7u00f5es","14":"tag-featured-news","15":"tag-featurednews","16":"tag-finanu00e7as","17":"tag-headlines","18":"tag-latest-news","19":"tag-latestnews","20":"tag-main-news","21":"tag-mainnews","22":"tag-news","23":"tag-noticias","24":"tag-noticias-principais","25":"tag-noticiasprincipais","26":"tag-portos","27":"tag-portugal","28":"tag-principais-noticias","29":"tag-principaisnoticias","30":"tag-pt","31":"tag-top-stories","32":"tag-topstories","33":"tag-transportes","34":"tag-transportes-maru00edtimos","35":"tag-ultimas","36":"tag-ultimas-noticias","37":"tag-ultimasnoticias"},"share_on_mastodon":{"url":"","error":"Validation failed: Text character limit of 500 exceeded"},"_links":{"self":[{"href":"https:\/\/www.europesays.com\/pt\/wp-json\/wp\/v2\/posts\/200785","targetHints":{"allow":["GET"]}}],"collection":[{"href":"https:\/\/www.europesays.com\/pt\/wp-json\/wp\/v2\/posts"}],"about":[{"href":"https:\/\/www.europesays.com\/pt\/wp-json\/wp\/v2\/types\/post"}],"author":[{"embeddable":true,"href":"https:\/\/www.europesays.com\/pt\/wp-json\/wp\/v2\/users\/2"}],"replies":[{"embeddable":true,"href":"https:\/\/www.europesays.com\/pt\/wp-json\/wp\/v2\/comments?post=200785"}],"version-history":[{"count":0,"href":"https:\/\/www.europesays.com\/pt\/wp-json\/wp\/v2\/posts\/200785\/revisions"}],"wp:featuredmedia":[{"embeddable":true,"href":"https:\/\/www.europesays.com\/pt\/wp-json\/wp\/v2\/media\/200786"}],"wp:attachment":[{"href":"https:\/\/www.europesays.com\/pt\/wp-json\/wp\/v2\/media?parent=200785"}],"wp:term":[{"taxonomy":"category","embeddable":true,"href":"https:\/\/www.europesays.com\/pt\/wp-json\/wp\/v2\/categories?post=200785"},{"taxonomy":"post_tag","embeddable":true,"href":"https:\/\/www.europesays.com\/pt\/wp-json\/wp\/v2\/tags?post=200785"}],"curies":[{"name":"wp","href":"https:\/\/api.w.org\/{rel}","templated":true}]}}