{"id":200789,"date":"2025-12-24T08:41:12","date_gmt":"2025-12-24T08:41:12","guid":{"rendered":"https:\/\/www.europesays.com\/pt\/200789\/"},"modified":"2025-12-24T08:41:12","modified_gmt":"2025-12-24T08:41:12","slug":"soam-os-alarmes-na-noruega-estado-de-saude-da-princesa-mette-marit-piora","status":"publish","type":"post","link":"https:\/\/www.europesays.com\/pt\/200789\/","title":{"rendered":"Soam os alarmes na Noruega: estado de sa\u00fade da princesa Mette-Marit piora"},"content":{"rendered":"<p>O estado de sa\u00fade da princesa <a href=\"https:\/\/selfie.iol.pt\/famosos\/mette-marit\/soam-os-alarmes-na-noruega-casa-real-emite-comunicado-sobre-a-saude-da-princesa-mette-marit\/20250308\/67cc55a9d34e3f0bae9b6057\" target=\"_blank\" rel=\"nofollow noopener\">Mette-Marit<\/a> da Noruega voltou a piorar e a Casa Real da Noruega adiantou, em comunicado, que a mulher do pr\u00edncipe Hakon dever\u00e1 precisar de um transplante de pulm\u00e3o.<\/p>\n<p>&#8220;Estamos a chegar ao ponto em que um transplante pulmonar ser\u00e1 necess\u00e1rio e estamos a fazer os preparativos necess\u00e1rios para garantir que isso seja poss\u00edvel quando chegar a hora. No momento, nenhuma decis\u00e3o foi tomada sobre quando a princesa herdeira ser\u00e1 colocada na lista de espera para transplante pulmonar&#8221;, disse Are Martin Holm, professor e chefe do Departamento de Medicina Respirat\u00f3ria do Hospital Universit\u00e1rio Rikshospitalet.<\/p>\n<p>Diagnosticada em 2018, Mette-Marit, de 52 anos, sofre de fibrose pulmonar, uma doen\u00e7a degenerativa que provoca cicatrizes nos pulm\u00f5es, dificultando a respira\u00e7\u00e3o e a entrada de oxig\u00e9nio na corrente sangu\u00ednea.<\/p>\n<p>Apesar do agravamento do estado de sa\u00fade,\u00a0a princesa vai manter a agenda oficial.<\/p>\n<p>Recorde-se que Mette-Marit e o pr\u00edncipe Hakon t\u00eam dois filhos em comum, a princesa Ingrid Alexandra, de 21 anos, e o pr\u00edncipe Sverre Magnus, de 20 anos.\u00a0<\/p>\n<p>A princesa Mette-Marit \u00e9 ainda m\u00e3e de\u00a0<a href=\"https:\/\/selfie.iol.pt\/famosos\/princesa-mette-marit\/escandalo-na-realeza-filho-da-princesa-mette-marit-detido-por-agressao-a-uma-mulher\/20240807\/66b3b2e3d34e94b82903f328\" target=\"_blank\" wbo-id=\"61\" rel=\"nofollow noopener\">Marius Borg H\u00f8iby<\/a>, de 28 anos, que est\u00e1 envolvido numa pol\u00e9mica,\u00a0acusado de 32 crimes, incluindo quatro viola\u00e7\u00f5es, podendo vir a ser condenado at\u00e9 10 anos de pris\u00e3o.<\/p>\n<blockquote class=\"instagram-media\" data-instgrm-captioned=\"\" data-instgrm-permalink=\"https:\/\/www.instagram.com\/reel\/DShGYo0CNYu\/?utm_source=ig_embed&amp;utm_campaign=loading\" data-instgrm-version=\"14\" style=\" background:#FFF; border:0; border-radius:3px; box-shadow:0 0 1px 0 rgba(0,0,0,0.5),0 1px 10px 0 rgba(0,0,0,0.15); margin: 1px; max-width:540px; min-width:326px; padding:0; width:99.375%; width:-webkit-calc(100% - 2px); width:calc(100% - 2px);\">\n<\/blockquote>\n<p>                        <script async src=\"\/\/www.instagram.com\/embed.js\"><\/script><\/p>\n","protected":false},"excerpt":{"rendered":"O estado de sa\u00fade da princesa Mette-Marit da Noruega voltou a piorar e a Casa Real da Noruega&hellip;\n","protected":false},"author":2,"featured_media":200790,"comment_status":"","ping_status":"","sticky":false,"template":"","format":"standard","meta":{"footnotes":""},"categories":[85],"tags":[114,115,980,82,40014,32,40013,33,2013,1012,40015],"class_list":{"0":"post-200789","1":"post","2":"type-post","3":"status-publish","4":"format-standard","5":"has-post-thumbnail","7":"category-entretenimento","8":"tag-entertainment","9":"tag-entretenimento","10":"tag-famosos","11":"tag-internacional","12":"tag-mette-marit","13":"tag-portugal","14":"tag-princesa-mette-marit","15":"tag-pt","16":"tag-realeza","17":"tag-selfie","18":"tag-transplante-de-pulmao"},"share_on_mastodon":{"url":"https:\/\/pubeurope.com\/@pt\/115773655255174117","error":""},"_links":{"self":[{"href":"https:\/\/www.europesays.com\/pt\/wp-json\/wp\/v2\/posts\/200789","targetHints":{"allow":["GET"]}}],"collection":[{"href":"https:\/\/www.europesays.com\/pt\/wp-json\/wp\/v2\/posts"}],"about":[{"href":"https:\/\/www.europesays.com\/pt\/wp-json\/wp\/v2\/types\/post"}],"author":[{"embeddable":true,"href":"https:\/\/www.europesays.com\/pt\/wp-json\/wp\/v2\/users\/2"}],"replies":[{"embeddable":true,"href":"https:\/\/www.europesays.com\/pt\/wp-json\/wp\/v2\/comments?post=200789"}],"version-history":[{"count":0,"href":"https:\/\/www.europesays.com\/pt\/wp-json\/wp\/v2\/posts\/200789\/revisions"}],"wp:featuredmedia":[{"embeddable":true,"href":"https:\/\/www.europesays.com\/pt\/wp-json\/wp\/v2\/media\/200790"}],"wp:attachment":[{"href":"https:\/\/www.europesays.com\/pt\/wp-json\/wp\/v2\/media?parent=200789"}],"wp:term":[{"taxonomy":"category","embeddable":true,"href":"https:\/\/www.europesays.com\/pt\/wp-json\/wp\/v2\/categories?post=200789"},{"taxonomy":"post_tag","embeddable":true,"href":"https:\/\/www.europesays.com\/pt\/wp-json\/wp\/v2\/tags?post=200789"}],"curies":[{"name":"wp","href":"https:\/\/api.w.org\/{rel}","templated":true}]}}