{"id":200913,"date":"2025-12-24T11:48:28","date_gmt":"2025-12-24T11:48:28","guid":{"rendered":"https:\/\/www.europesays.com\/pt\/200913\/"},"modified":"2025-12-24T11:48:28","modified_gmt":"2025-12-24T11:48:28","slug":"evitaram-o-ataque-terrorista-mais-mortifero-da-historia-do-reino-unido-extremistas-do-isis-planeavam-matar-o-maior-numero-possivel-de-judeus","status":"publish","type":"post","link":"https:\/\/www.europesays.com\/pt\/200913\/","title":{"rendered":"Evitaram o &#8220;ataque terrorista mais mort\u00edfero da hist\u00f3ria do Reino Unido&#8221;. Extremistas do ISIS planeavam matar &#8220;o maior n\u00famero poss\u00edvel&#8221; de judeus"},"content":{"rendered":"<p>\t                Autor dos ataques terroristas de Paris em 2015 era o \u201c\u00eddolo\u201d de um dos suspeitos; o outro dizia-se um \u201cterrorista\u201d com \u201corgulho\u201d. Plano para matar judeus indiscriminadamente foi interrompido por uma investiga\u00e7\u00e3o secreta do MI5<\/p>\n<p>Dois extremistas do Estado Isl\u00e2mico foram considerados culpados de planear um ataque direcionado \u00e0 comunidade judaica em Inglaterra que visava matar centenas de pessoas com espingardas de assalto e pistolas.<\/p>\n<p>Os dois homens planeavam vestir roupas judaicas e deslocar-se at\u00e9 Prestwich, onde abririam fogo com armas autom\u00e1ticas sobre qualquer pessoa que se encontrasse no local, avan\u00e7ou a <a href=\"https:\/\/news.sky.com\/story\/islamic-state-supporters-guilty-of-planning-most-deadly-gun-attack-on-jewish-targets-in-manchester-13485467\" target=\"_blank\" rel=\"nofollow noopener\">Sky News<\/a>. O objetivo era simples: matar o m\u00e1ximo de judeus poss\u00edvel como forma de retalia\u00e7\u00e3o pelos ataques israelitas a Gaza.<\/p>\n<p>Teria sido o \u201cataque terrorista mais mort\u00edfero da hist\u00f3ria do Reino Unido\u201d, afirmou o subchefe da pol\u00edcia da Grande Manchester, Rob Potts, dando conta de que o ataque estava planeado para uma zona movimentada da comunidade judaica da cidade inglesa.<\/p>\n<p>O Tribunal da Coroa de Preston considerou culpados os autores do plano, Walid Saadaoui, de 38 anos, e Amar Hussein, de 52 anos por prepararem atos de terrorismo entre 13 de dezembro de 2023 e 9 de maio de 2024. Tamb\u00e9m o\u00a0irm\u00e3o do suspeito mais novo, Bilel Saddaoui, foi julgado e declarado culpado por n\u00e3o partilhar\u00a0com as autoridades as informa\u00e7\u00f5es a que tinha acesso,\u00a0apesar de ter recusado participar no ataque.<\/p>\n<p>Walid Saadaoui, antigo propriet\u00e1rio de um restaurante italiano, foi acusado de querer replicar os ataques terroristas de Paris em 2015 &#8211; onde morreram 130 pessoas -, liderados por Abdelhamid Abaaoud, que dizia ser o seu \u201c\u00eddolo\u201d. E queria faz\u00ea-lo em conjunto com Amar Hussein, um antigo soldado iraquiano que trabalhava na Salim Appliances, uma loja de eletrodom\u00e9sticos em Bolton, e que tinha no seu registo criminal apenas uma condena\u00e7\u00e3o por porte de arma branca.<\/p>\n<p>O MI5, que conduziu uma opera\u00e7\u00e3o secreta, acredita que Saadaoui tinha anteriormente estado em contacto com um extremista chamado Hamid al Masalkhi, de Cardiff, que deixou a Gr\u00e3-Bretanha para se juntar ao ISIS em 2013. Numa fase inicial do plano, o suspeito ter\u00e1 vendido a sua casa e usado parte do lucro para pagar cinco mil euros como um adiantamento inicial para quatro espingardas de assalto AK-47, duas pistolas e 1.200 muni\u00e7\u00f5es, enquanto planeava o ataque armado e pedia a Hussein que se juntasse.<\/p>\n<p>A anatomia do ataque <\/p>\n<p>Foi Saadaoui, segundo as informa\u00e7\u00f5es avan\u00e7adas por aquele canal, o impulsionador do plano. J\u00e1 publicava regularmente declara\u00e7\u00f5es do ISIS no Facebook desde 2022, utilizando nomes falsos para gerir pelo menos dez contas diferentes, cujas imagens de perfil eram uma fotografia de Abaaoud, o autor dos ataques de Paris em quem se inspirou.<\/p>\n<p>Estas publica\u00e7\u00f5es viriam mais tarde a trair as inten\u00e7\u00f5es do suspeito, j\u00e1 que foi a partir delas que o MI5 decidiu iniciar uma investiga\u00e7\u00e3o com o nome de c\u00f3digo \u201cOpera\u00e7\u00e3o Catogenic\u201d &#8211; a maior e mais complexa opera\u00e7\u00e3o antiterrorista conduzida no Noroeste, segundo as autoridades.<\/p>\n<p>A 9 de dezembro de 2023, a unidade de informa\u00e7\u00e3o e investiga\u00e7\u00f5es online da ag\u00eancia de seguran\u00e7a brit\u00e2nica colocou o suspeito de 38 anos sob vigil\u00e2ncia e entrou em contacto direto com ele atrav\u00e9s de um agente infiltrado, chamado Farouk, que lhe ter\u00e1 pedido amizade no Facebook.<\/p>\n<p>Farouk tomou conhecimento do plano poucos dias depois, quando contactado por Saadaoui a prop\u00f3sito do lan\u00e7amento de um ataque que visava \u201cmatar o maior n\u00famero poss\u00edvel\u201d, neste caso de judeus. O autor do crime confessou ainda ao agente querer seguir as \u201cpegadas\u201d de Abaaoud, que voltou a mencionar numa mensagem de voz publicada no dia de Natal de 2023. \u201cQueremos fazer o mesmo que Abaaoud fez, se Deus quiser. Temos de fazer correr rios de sangue impuro\u201d, afirmou.<\/p>\n<p>Na mesma mensagem de voz, referiu-se aos recentes atropelamentos em massa que criticou por serem \u201cineficazes\u201d, assim como a utiliza\u00e7\u00e3o de \u201cuma faca\u201d para fazer v\u00edtimas mortais. \u201cO que \u00e9 preciso \u00e9 uma arma autom\u00e1tica\u201d, frisou.<\/p>\n<p>Depois de o cabecilha se encontrar com o agente infiltrado pessoalmente para discutir o contrabando das armas, que dariam entrada no pa\u00eds como pe\u00e7as de autom\u00f3vel, disfar\u00e7adas num ferry, Saadaoui sintetizou o plano: \u201cSe realizarmos esta opera\u00e7\u00e3o, visamos os judeus. Come\u00e7amos pelos judeus e, se houver crist\u00e3os apanhados no ato, \u00e9 um b\u00f3nus, mas come\u00e7amos pelos judeus.\u201d<\/p>\n<p>Mais tarde, ambos deslocaram-se at\u00e9 Prestwich, numa viagem de reconhecimento \u00e0 zona, onde passaram por creches, escolas, restaurantes, caf\u00e9s e sinagogas judaicas, chegando a entrar num supermercado kosher.<\/p>\n<p>\u201cImagina-te entre eles a usar uma mochila e depois come\u00e7as. Eles n\u00e3o teriam para onde fugir\u201d, disse Saadaoui, admitindo que queria atacar \u201cjovens, velhos, mulheres, idosos, todos, matando-os a todos.\u201d<\/p>\n<p>Tudo indicava que se tratava de um \u201cplaneador de ataques genu\u00edno e cred\u00edvel\u201d, disse Rob Potts, que caracterizou o principal autor do crime como um \u201chomem extremamente perigoso\u201d e Hussein como um \u201cterrorista fan\u00e1tico que est\u00e1 irremediavelmente fixado nas suas opini\u00f5es, ideologia e mentalidade\u201d. A cren\u00e7a numa amea\u00e7a real para a popula\u00e7\u00e3o judaica foi corroborada por Farouk, que informou os seus superiores de que Saadaoui \u201cmataria muita gente\u201d se n\u00e3o interviessem.<\/p>\n<p>Saadaoui foi apanhado \u201cem flagrante\u201d pela pol\u00edcia no momento em que recebeu o primeiro conjunto de armas, fornecidas e desativadas pela pol\u00edcia, alocadas na bagagem de um carro alugado. Quando o outro par, Hussein, foi detido admitiu ser um \u201cterrorista\u201d e ter \u201corgulho\u201d em s\u00ea-lo. \u201cN\u00e3o vem de n\u00f3s, Deus enviou-nos. Somos o ex\u00e9rcito de Deus\u201d, acrescentou.<\/p>\n<p>Face \u00e0 deten\u00e7\u00e3o bem-sucedida dos suspeitos, o diretor-executivo da organiza\u00e7\u00e3o judaica Community Security Trust, Mark Gardner, elogiou a efic\u00e1cia das autoridades ao impedirem \u201cindiv\u00edduos incrivelmente perigosos\u201d de executar a conspira\u00e7\u00e3o, alertando para a frequ\u00eancia dos ataques terroristas a visar judeus que se verifica \u201cdesde a d\u00e9cada de 1960\u201d: \u201cOs nomes de quem os conduz mudam, mas a natureza dos ataques \u00e9 exatamente a mesma\u201d.<\/p>\n<p>O respons\u00e1vel foi mais longe e comparou a ideologia jihad \u00e0 ideologia nazi, acusando os suspeitos de quererem matar judeus indiscriminadamente. \u201cQuerem matar judeus. N\u00e3o lhes interessa quem s\u00e3o esses judeus. N\u00e3o param para perguntar a esses judeus qual \u00e9 a sua opini\u00e3o sobre Israel, ou se apoiam o Manchester United, ou qualquer outra coisa. Querem matar judeus, ponto final. \u00c9 o mesmo que os nazis\u201d, sublinhou.<\/p>\n<p>A acusa\u00e7\u00e3o, conduzida pela procuradora Harpreet Sandhu, argumentou no tribunal que Saadaoui estava \u201cdesesperado por p\u00f4r as m\u00e3os em armas de fogo\u201d e \u201cpretendia causar uma perda colossal de vidas humanas atrav\u00e9s do ataque terrorista que planeou\u201d. J\u00e1 o suspeito alegou estar sob amea\u00e7a de um membro \u201cde alto escal\u00e3o\u201d do ISIS que tinha conhecido numa mesquita em Norwich. Hussein recusou comparecer durante grande parte do seu julgamento.<\/p>\n","protected":false},"excerpt":{"rendered":"Autor dos ataques terroristas de Paris em 2015 era o \u201c\u00eddolo\u201d de um dos suspeitos; o outro dizia-se&hellip;\n","protected":false},"author":2,"featured_media":200914,"comment_status":"","ping_status":"","sticky":false,"template":"","format":"standard","meta":{"footnotes":""},"categories":[50],"tags":[609,836,611,40021,27,28,607,608,333,40022,832,604,135,610,476,36668,15,16,301,830,14,40020,9244,603,25,26,570,21,22,831,833,6316,62,834,12,13,19,20,835,602,52,32,23,24,17,18,29,30,31,63,64,65],"class_list":{"0":"post-200913","1":"post","2":"type-post","3":"status-publish","4":"format-standard","5":"has-post-thumbnail","7":"category-mundo","8":"tag-alerta","9":"tag-analise","10":"tag-ao-minuto","11":"tag-ataque-terrorista","12":"tag-breaking-news","13":"tag-breakingnews","14":"tag-cnn","15":"tag-cnn-portugal","16":"tag-comentadores","17":"tag-comunidade-judaica","18":"tag-costa","19":"tag-crime","20":"tag-desporto","21":"tag-direto","22":"tag-economia","23":"tag-estado-islamico","24":"tag-featured-news","25":"tag-featurednews","26":"tag-governo","27":"tag-guerra","28":"tag-headlines","29":"tag-isis","30":"tag-judeus","31":"tag-justica","32":"tag-latest-news","33":"tag-latestnews","34":"tag-live","35":"tag-main-news","36":"tag-mainnews","37":"tag-mais-vistas","38":"tag-marcelo","39":"tag-mi5","40":"tag-mundo","41":"tag-negocios","42":"tag-news","43":"tag-noticias","44":"tag-noticias-principais","45":"tag-noticiasprincipais","46":"tag-opiniao","47":"tag-pais","48":"tag-politica","49":"tag-portugal","50":"tag-principais-noticias","51":"tag-principaisnoticias","52":"tag-top-stories","53":"tag-topstories","54":"tag-ultimas","55":"tag-ultimas-noticias","56":"tag-ultimasnoticias","57":"tag-world","58":"tag-world-news","59":"tag-worldnews"},"share_on_mastodon":{"url":"","error":"Validation failed: Text character limit of 500 exceeded"},"_links":{"self":[{"href":"https:\/\/www.europesays.com\/pt\/wp-json\/wp\/v2\/posts\/200913","targetHints":{"allow":["GET"]}}],"collection":[{"href":"https:\/\/www.europesays.com\/pt\/wp-json\/wp\/v2\/posts"}],"about":[{"href":"https:\/\/www.europesays.com\/pt\/wp-json\/wp\/v2\/types\/post"}],"author":[{"embeddable":true,"href":"https:\/\/www.europesays.com\/pt\/wp-json\/wp\/v2\/users\/2"}],"replies":[{"embeddable":true,"href":"https:\/\/www.europesays.com\/pt\/wp-json\/wp\/v2\/comments?post=200913"}],"version-history":[{"count":0,"href":"https:\/\/www.europesays.com\/pt\/wp-json\/wp\/v2\/posts\/200913\/revisions"}],"wp:featuredmedia":[{"embeddable":true,"href":"https:\/\/www.europesays.com\/pt\/wp-json\/wp\/v2\/media\/200914"}],"wp:attachment":[{"href":"https:\/\/www.europesays.com\/pt\/wp-json\/wp\/v2\/media?parent=200913"}],"wp:term":[{"taxonomy":"category","embeddable":true,"href":"https:\/\/www.europesays.com\/pt\/wp-json\/wp\/v2\/categories?post=200913"},{"taxonomy":"post_tag","embeddable":true,"href":"https:\/\/www.europesays.com\/pt\/wp-json\/wp\/v2\/tags?post=200913"}],"curies":[{"name":"wp","href":"https:\/\/api.w.org\/{rel}","templated":true}]}}