{"id":200957,"date":"2025-12-24T12:35:16","date_gmt":"2025-12-24T12:35:16","guid":{"rendered":"https:\/\/www.europesays.com\/pt\/200957\/"},"modified":"2025-12-24T12:35:16","modified_gmt":"2025-12-24T12:35:16","slug":"o-que-fazer-com-as-plantas-quando-viajar-veja-dicas","status":"publish","type":"post","link":"https:\/\/www.europesays.com\/pt\/200957\/","title":{"rendered":"O que fazer com as plantas quando viajar? Veja dicas"},"content":{"rendered":"<p>  <img class=\"content-first-image wp-image-2757345 size-full\" loading=\"eager\" decoding=\"sync\" fetchpriority=\"high\" src=\"https:\/\/www.europesays.com\/pt\/wp-content\/uploads\/2025\/12\/orquidofilo-de-sc-explica-como-cuidar-das-plantas-durante-viagens.jpg\" alt=\"O que fazer com as plantas quando viajar? Orquid\u00f3filo de SC explica como cuidar das plantas antes de sair de casa\" width=\"1200\" height=\"800\"  \/>O que fazer com as plantas quando viajar? Orquid\u00f3filo de SC explica como cuidar das plantas antes de sair de casaFoto: Divulga\u00e7\u00e3o\/Ajao\/ND Mais<\/p>\n<p>Com a chegada das f\u00e9rias de fim de ano, muitas pessoas se organizam para viajar por alguns dias. Antes de sair de casa, por\u00e9m, \u00e9 importante adotar algumas medidas para garantir que as plantas permane\u00e7am saud\u00e1veis at\u00e9 o retorno da fam\u00edlia.<\/p>\n<p>O <a href=\"https:\/\/ndmais.com.br\/cidadania\/conheca-orquidofilo-de-90-anos-que-e-estrela-da-campanha-da-festa-das-flores-de-joinville\/\" rel=\"nofollow noopener\" target=\"_blank\">orquid\u00f3filo<\/a> de Joinville, Oraci Reinheimer, presidente da Ajao (Agremia\u00e7\u00e3o Joinvilense dos Amadores de Orqu\u00eddeas), explica quais pr\u00e1ticas ajudam a manter as plantas bem durante o per\u00edodo de aus\u00eancia.<\/p>\n<p>Um dos cuidados essenciais \u00e9 a irriga\u00e7\u00e3o. \u201cNormalmente, as plantas t\u00eam alguma resist\u00eancia para passar alguns dias sem receber \u00e1gua, mas a orienta\u00e7\u00e3o \u00e9 que, antes de sair, a pessoa regue bem os vasos para manter a terra ou o substrato \u00famidos.<\/p>\n<p><a class=\"cta-discover d-flex justify-content-between align-items-center w-100\" target=\"_blank\" rel=\"nofollow noopner noopener\" href=\"https:\/\/profile.google.com\/cp\/Cg0vZy8xMXZ5cjY4NHho\">   Fa\u00e7a como milh\u00f5es de leitores informados: siga o ND Mais no Google.  Seguir<\/a> <\/p>\n<p>No entanto, n\u00e3o \u00e9 recomend\u00e1vel o uso de pratos com \u00e1gua embaixo dos vasos. \u201cA \u00e1gua embaixo dos vasos favorece a prolifera\u00e7\u00e3o de fungos que podem subir pelas ra\u00edzes e comprometer a planta. \u00c9 melhor que a planta passe um pouco de \u2018sede\u2019, do que fique molhada em excesso\u201d.<\/p>\n<p>Vale lembrar, ainda, que vasilhames com \u00e1gua acumulada podem virar criadouros do <a href=\"https:\/\/ndmais.com.br\/saude\/como-uma-rotina-de-cuidados-domesticos-pode-ajudar-no-combate-ao-aedes-aegypti\/\" rel=\"nofollow noopener\" target=\"_blank\">mosquito Aedes aegypti<\/a>, transmissor de doen\u00e7as como a dengue, Zika, Chikungunya e febre amarela.<\/p>\n<p>O que fazer com as plantas quando viajar: aduba\u00e7\u00e3o e luminosidade<\/p>\n<p>Ainda em rela\u00e7\u00e3o \u00e0 nutri\u00e7\u00e3o, quem faz uso de <a href=\"https:\/\/ndmais.com.br\/casa-e-jardinagem\/este-adubo-caseiro-feito-com-cafe-fara-as-suas-orquideas-florescerem-ate-no-inverno\/\" rel=\"nofollow noopener\" target=\"_blank\">aduba\u00e7\u00e3o<\/a> r\u00e1pida, pode aplicar o produto na quantidade normal antes de viajar. Al\u00e9m disso, alguns adubos de longa dura\u00e7\u00e3o tamb\u00e9m podem ser utilizados.<\/p>\n<p>Al\u00e9m da hidrata\u00e7\u00e3o, a luminosidade \u00e9 outro fator importante para a sobreviv\u00eancia das plantas. \u201cO ideal \u00e9 que elas fiquem em um local arejado e com luminosidade e que, de prefer\u00eancia, peguem o sol da manh\u00e3, esse \u00e9 o melhor hor\u00e1rio\u201d, completa o professor Oraci.<\/p>\n<p>Ainda de acordo com o orquid\u00f3filo, em geral, as flores s\u00e3o mais resistentes do que as plantas ornamentais: \u201cAs orqu\u00eddeas, de modo geral, podem ficar um per\u00edodo mais prolongado sem \u00e1gua e aduba\u00e7\u00e3o porque acumulam reservas naturais suficientes para se manterem por bom per\u00edodo. J\u00e1 as plantas ornamentais e as folhagens exigem mais cuidado, mais umidade, haja vista que o vegetal necessita disso\u201d.<\/p>\n<ul class=\"slider-galeria-de-foto-wrapper glide__slides\">\n<li id=\"galeria-slide-1\" class=\"slider-galeria-de-foto-slide glide__slide\">\n<p> 1 de 2 <\/p>\n<p> <a href=\"https:\/\/static.ndmais.com.br\/2025\/12\/orquidofilo-de-sc-explica-como-cuidar-das-plantas-durante-viagens.jpeg\" title=\"Al\u00e9m da hidrata\u00e7\u00e3o, a luminosidade \u00e9 outro fator importante para a sobreviv\u00eancia das plantas - Divulga\u00e7\u00e3o\/Ajao\/ND Mais\" data-caption=\"Al\u00e9m da hidrata\u00e7\u00e3o, a luminosidade \u00e9 outro fator importante para a sobreviv\u00eancia das plantas - Divulga\u00e7\u00e3o\/Ajao\/ND Mais\" id=\"zoom-gallery-2757352\" class=\"imagem-galeria\" data-fancybox=\"\" rel=\"nofollow noopener\" target=\"_blank\"> <img decoding=\"async\" width=\"800\" height=\"534\" src=\"https:\/\/www.europesays.com\/pt\/wp-content\/uploads\/2025\/12\/orquidofilo-de-sc-explica-como-cuidar-das-plantas-durante-viagens-800x534.jpeg\" class=\"\" alt=\"Al\u00e9m da hidrata\u00e7\u00e3o, a luminosidade \u00e9 outro fator importante para a sobreviv\u00eancia das plantas - Divulga\u00e7\u00e3o\/Ajao\/ND Mais\" loading=\"lazy\"  \/> <\/a> <\/p>\n<p> Al\u00e9m da hidrata\u00e7\u00e3o, a luminosidade \u00e9 outro fator importante para a sobreviv\u00eancia das plantas &#8211; Divulga\u00e7\u00e3o\/Ajao\/ND Mais <\/p>\n<\/li>\n<li id=\"galeria-slide-2\" class=\"slider-galeria-de-foto-slide glide__slide\">\n<p> 2 de 2 <\/p>\n<p> <a href=\"https:\/\/static.ndmais.com.br\/2025\/12\/orquideas.jpeg\" title=\"Al\u00e9m da hidrata\u00e7\u00e3o, a luminosidade \u00e9 outro fator importante para a sobreviv\u00eancia das plantas - Divulga\u00e7\u00e3o\/Ajao\/ND Mais\" data-caption=\"Al\u00e9m da hidrata\u00e7\u00e3o, a luminosidade \u00e9 outro fator importante para a sobreviv\u00eancia das plantas - Divulga\u00e7\u00e3o\/Ajao\/ND Mais\" id=\"zoom-gallery-2757351\" class=\"imagem-galeria\" data-fancybox=\"\" rel=\"nofollow noopener\" target=\"_blank\"> <img decoding=\"async\" width=\"800\" height=\"534\" src=\"https:\/\/www.europesays.com\/pt\/wp-content\/uploads\/2025\/12\/orquideas-800x534.jpeg\" class=\"\" alt=\"Al\u00e9m da hidrata\u00e7\u00e3o, a luminosidade \u00e9 outro fator importante para a sobreviv\u00eancia das plantas - Divulga\u00e7\u00e3o\/Ajao\/ND Mais\" loading=\"lazy\"  \/> <\/a> <\/p>\n<p> Al\u00e9m da hidrata\u00e7\u00e3o, a luminosidade \u00e9 outro fator importante para a sobreviv\u00eancia das plantas &#8211; Divulga\u00e7\u00e3o\/Ajao\/ND Mais <\/p>\n<\/li>\n<\/ul>\n<p>          Para viagens mais longas<\/p>\n<p>J\u00e1 para as pessoas que forem ficar longe por um per\u00edodo mais prolongado, a sugest\u00e3o do professor Oraci \u00e9 que algum vizinho ou familiar v\u00e1 at\u00e9 a resid\u00eancia para regar as plantas durante a viagem.<\/p>\n<p>\u201cSe a pessoa for ficar longe por um per\u00edodo longo, o mais adequado \u00e9 que algum vizinho ou familiar fa\u00e7a a rega para que as plantas n\u00e3o sofram estresse por falta de umidade\u201d.<\/p>\n<p>Como dica final, ele finaliza: \u201cAs plantas v\u00e3o sentir a aus\u00eancia e, por isso, \u00e9 importante que elas fiquem bem cuidadas. Mas o importante \u00e9 que a pessoa aproveite o seu passeio e, ao retornar, poder\u00e1 oferecer os cuidados especiais para que elas continuem a embelezar o seu ambiente, trazendo encantamento, conforto e bem-estar para a fam\u00edlia\u201d.<\/p>\n","protected":false},"excerpt":{"rendered":"O que fazer com as plantas quando viajar? Orquid\u00f3filo de SC explica como cuidar das plantas antes de&hellip;\n","protected":false},"author":2,"featured_media":200958,"comment_status":"","ping_status":"","sticky":false,"template":"","format":"standard","meta":{"footnotes":""},"categories":[86],"tags":[3548,116,14021,1968,2250,32,33,117],"class_list":{"0":"post-200957","1":"post","2":"type-post","3":"status-publish","4":"format-standard","5":"has-post-thumbnail","7":"category-saude","8":"tag-casa-e-jardinagem","9":"tag-health","10":"tag-joinville","11":"tag-notcia","12":"tag-notcia-santa-catarina","13":"tag-portugal","14":"tag-pt","15":"tag-saude"},"share_on_mastodon":{"url":"https:\/\/pubeurope.com\/@pt\/115774575901464449","error":""},"_links":{"self":[{"href":"https:\/\/www.europesays.com\/pt\/wp-json\/wp\/v2\/posts\/200957","targetHints":{"allow":["GET"]}}],"collection":[{"href":"https:\/\/www.europesays.com\/pt\/wp-json\/wp\/v2\/posts"}],"about":[{"href":"https:\/\/www.europesays.com\/pt\/wp-json\/wp\/v2\/types\/post"}],"author":[{"embeddable":true,"href":"https:\/\/www.europesays.com\/pt\/wp-json\/wp\/v2\/users\/2"}],"replies":[{"embeddable":true,"href":"https:\/\/www.europesays.com\/pt\/wp-json\/wp\/v2\/comments?post=200957"}],"version-history":[{"count":0,"href":"https:\/\/www.europesays.com\/pt\/wp-json\/wp\/v2\/posts\/200957\/revisions"}],"wp:featuredmedia":[{"embeddable":true,"href":"https:\/\/www.europesays.com\/pt\/wp-json\/wp\/v2\/media\/200958"}],"wp:attachment":[{"href":"https:\/\/www.europesays.com\/pt\/wp-json\/wp\/v2\/media?parent=200957"}],"wp:term":[{"taxonomy":"category","embeddable":true,"href":"https:\/\/www.europesays.com\/pt\/wp-json\/wp\/v2\/categories?post=200957"},{"taxonomy":"post_tag","embeddable":true,"href":"https:\/\/www.europesays.com\/pt\/wp-json\/wp\/v2\/tags?post=200957"}],"curies":[{"name":"wp","href":"https:\/\/api.w.org\/{rel}","templated":true}]}}