{"id":200978,"date":"2025-12-24T12:56:35","date_gmt":"2025-12-24T12:56:35","guid":{"rendered":"https:\/\/www.europesays.com\/pt\/200978\/"},"modified":"2025-12-24T12:56:35","modified_gmt":"2025-12-24T12:56:35","slug":"classe-trump-presidente-dos-eua-anuncia-nova-frota-dourada-de-navios-de-guerra","status":"publish","type":"post","link":"https:\/\/www.europesays.com\/pt\/200978\/","title":{"rendered":"&#8220;Classe Trump.&#8221; Presidente dos EUA anuncia nova &#8220;frota dourada&#8221; de navios de guerra"},"content":{"rendered":"<p data-remotead-prev-elm=\"true\" data-remotead-elm-id=\"inread\">Os novos navios de guerra norte-americanos ser\u00e3o batizados de &#8220;classe Trump&#8221;, em homenagem ao Presidente que ordenou a constru\u00e7\u00e3o e que afirmou na segunda-feira que ser\u00e3o &#8220;cem vezes mais poderosos&#8221; do que os atualmente em servi\u00e7o.<\/p>\n<p>Os dois primeiros navios, descritos pelo Presidente como &#8220;coura\u00e7ados&#8221;, ser\u00e3o os primeiros da futura classe, uma &#8220;frota dourada&#8221;, e a sua constru\u00e7\u00e3o ter\u00e1 in\u00edcio &#8220;de imediato&#8221;.<\/p>\n<p>At\u00e9 25 outros dever\u00e3o ser lan\u00e7ados mais tarde, afirmou o Presidente norte-americano, numa confer\u00eancia de imprensa na sua resid\u00eancia privada em Mar-a-Lago, na Florida, estado onde ter\u00e1 lugar a constru\u00e7\u00e3o dos navios.<\/p>\n<p data-remotead-prev-elm=\"true\" data-remotead-elm-id=\"centro1\">Estes navios ser\u00e3o &#8220;os melhores do mundo&#8221;, afirmou Trump acompanhado pelo secret\u00e1rio da Defesa Pete Hegseth, pelo secret\u00e1rio de Estado Marco Rubio e pelo secret\u00e1rio da Marinha John Phelan.<\/p>\n<p>A imagem 3D divulgada dos projetados navios mostra o que parece ser um cruzador, com pelo menos uma arma laser a bordo e lan\u00e7adores de m\u00edsseis. Uma imagem de Trump a levantar o punho est\u00e1 estampada no casco.<\/p>\n<p>Conforme indica a ag\u00eancia AFP, \u00e9 extremamente invulgar a atribui\u00e7\u00e3o a navios do nome de um Presidente em exerc\u00edcio. <\/p>\n<p data-remotead-prev-elm=\"true\" data-remotead-elm-id=\"centro2\">Em mar\u00e7o, Trump anunciou a decis\u00e3o do Pent\u00e1gono de avan\u00e7ar com o desenvolvimento do ca\u00e7a de sexta gera\u00e7\u00e3o do mundo, afirmando que ser\u00e1 batizado F-47 em sua homenagem, 47\u00ba Presidente norte-americano. <\/p>\n<p>A nova ordem presidencial procura priorizar o objetivo do governo Trump de revitalizar a ind\u00fastria naval e expandir a capacidade de constru\u00e7\u00e3o de embarca\u00e7\u00f5es militares.<\/p>\n<p>Face a preocupa\u00e7\u00f5es com o atraso na constru\u00e7\u00e3o de navios de guerra em rela\u00e7\u00e3o a rivais, sobretudo a China, e limita\u00e7\u00f5es dos estaleiros norte-americanos, Trump criticou os empreiteiros de navios da Marinha por n\u00e3o estarem &#8220;a fazer um bom trabalho&#8221;.<\/p>\n","protected":false},"excerpt":{"rendered":"Os novos navios de guerra norte-americanos ser\u00e3o batizados de &#8220;classe Trump&#8221;, em homenagem ao Presidente que ordenou a&hellip;\n","protected":false},"author":2,"featured_media":200979,"comment_status":"","ping_status":"","sticky":false,"template":"","format":"standard","meta":{"footnotes":""},"categories":[50],"tags":[993,27,28,92,235,15,16,14,82,25,26,21,22,62,12,13,19,20,23,24,17,18,29,30,31,63,64,65],"class_list":{"0":"post-200978","1":"post","2":"type-post","3":"status-publish","4":"format-standard","5":"has-post-thumbnail","7":"category-mundo","8":"tag-america","9":"tag-breaking-news","10":"tag-breakingnews","11":"tag-donald-trump","12":"tag-estados-unidos","13":"tag-featured-news","14":"tag-featurednews","15":"tag-headlines","16":"tag-internacional","17":"tag-latest-news","18":"tag-latestnews","19":"tag-main-news","20":"tag-mainnews","21":"tag-mundo","22":"tag-news","23":"tag-noticias","24":"tag-noticias-principais","25":"tag-noticiasprincipais","26":"tag-principais-noticias","27":"tag-principaisnoticias","28":"tag-top-stories","29":"tag-topstories","30":"tag-ultimas","31":"tag-ultimas-noticias","32":"tag-ultimasnoticias","33":"tag-world","34":"tag-world-news","35":"tag-worldnews"},"share_on_mastodon":{"url":"https:\/\/pubeurope.com\/@pt\/115774657846454385","error":""},"_links":{"self":[{"href":"https:\/\/www.europesays.com\/pt\/wp-json\/wp\/v2\/posts\/200978","targetHints":{"allow":["GET"]}}],"collection":[{"href":"https:\/\/www.europesays.com\/pt\/wp-json\/wp\/v2\/posts"}],"about":[{"href":"https:\/\/www.europesays.com\/pt\/wp-json\/wp\/v2\/types\/post"}],"author":[{"embeddable":true,"href":"https:\/\/www.europesays.com\/pt\/wp-json\/wp\/v2\/users\/2"}],"replies":[{"embeddable":true,"href":"https:\/\/www.europesays.com\/pt\/wp-json\/wp\/v2\/comments?post=200978"}],"version-history":[{"count":0,"href":"https:\/\/www.europesays.com\/pt\/wp-json\/wp\/v2\/posts\/200978\/revisions"}],"wp:featuredmedia":[{"embeddable":true,"href":"https:\/\/www.europesays.com\/pt\/wp-json\/wp\/v2\/media\/200979"}],"wp:attachment":[{"href":"https:\/\/www.europesays.com\/pt\/wp-json\/wp\/v2\/media?parent=200978"}],"wp:term":[{"taxonomy":"category","embeddable":true,"href":"https:\/\/www.europesays.com\/pt\/wp-json\/wp\/v2\/categories?post=200978"},{"taxonomy":"post_tag","embeddable":true,"href":"https:\/\/www.europesays.com\/pt\/wp-json\/wp\/v2\/tags?post=200978"}],"curies":[{"name":"wp","href":"https:\/\/api.w.org\/{rel}","templated":true}]}}