{"id":201024,"date":"2025-12-24T13:47:15","date_gmt":"2025-12-24T13:47:15","guid":{"rendered":"https:\/\/www.europesays.com\/pt\/201024\/"},"modified":"2025-12-24T13:47:15","modified_gmt":"2025-12-24T13:47:15","slug":"daniela-melchior-talento-portugues-em-destaque-na-selva-de-hollywood","status":"publish","type":"post","link":"https:\/\/www.europesays.com\/pt\/201024\/","title":{"rendered":"Daniela Melchior: talento portugu\u00eas em destaque na &#8220;selva&#8221; de Hollywood"},"content":{"rendered":"<p data-remotead-prev-elm=\"true\" data-remotead-elm-id=\"inread\">Daniela Melchior chega esta quarta-feira, 24 de dezembro, aos cinemas portugueses com &#8220;Anaconda&#8221;, produ\u00e7\u00e3o da Sony Pictures que marca mais um passo firme no seu percurso internacional. No filme, a atriz interpreta Ana, capit\u00e3 de um barco com duplas inten\u00e7\u00f5es, numa narrativa que cruza a\u00e7\u00e3o e com\u00e9dia em plena Amaz\u00f3nia.<\/p>\n<p>Depois de participa\u00e7\u00f5es em filmes de grande visibilidade como &#8220;O esquadr\u00e3o suicida&#8221;, &#8220;Velocidade furiosa 10&#8221; e &#8220;Road house&#8221;, a atriz portuguesa integra agora um projeto que revisita um universo bem conhecido do cinema comercial. O elenco \u00e9 diversificado e inclui Selton Mello, Thandiwe Newton, conhecida pela s\u00e9rie &#8220;Westworld&#8221;, Steve Zahn, Ice Cube, que regressa \u00e0 saga ap\u00f3s ter participado em &#8220;Anaconda&#8221; (1997), protagonizado por Jennifer Lopez, Ione Skye, Rui Ricardo Diaz e John Billingsley.<\/p>\n<blockquote data-type=\"articles\" data-id=\"related-article-17871000\"><p>\n              <strong>Leia tamb\u00e9m <\/strong><br \/>\n              <a href=\"https:\/\/www.jn.pt\/pessoas\/artigo\/daniela-melchior-contracena-com-o-pai-natal-mais-perigoso-no-regresso-a-hollywood\/17871000\" rel=\"nofollow noopener\" target=\"_blank\">Daniela Melchior contracena com o Pai Natal mais perigoso no regresso a Hollywood<\/a>\n            <\/p><\/blockquote>\n<p>Na semana passada, a artista esteve na antestreia mundial do filme, em Los Angeles, EUA, onde voltou a captar aten\u00e7\u00f5es na passadeira vermelha. A forma descontra\u00edda e segura como se move num dos circuitos mais exigentes da ind\u00fastria confirma uma presen\u00e7a que dispensa excessos e afirma maturidade.<\/p>\n<p>Ritmo e brincadeira<\/p>\n<p data-remotead-prev-elm=\"true\" data-remotead-elm-id=\"centro1\">Em entrevista \u00e0 revista &#8220;New York Moves&#8221;, Daniela Melchior, de 29 anos, falou com entusiasmo sobre a experi\u00eancia de filmar uma com\u00e9dia. &#8220;\u00c9 descontra\u00eddo, \u00e9 tudo sobre ritmo e brincadeira&#8221;, explicou, sublinhando a import\u00e2ncia da cumplicidade em cena. &#8220;O Steve mexia apenas os olhos e eu come\u00e7ava a rir. A energia era incr\u00edvel&#8221;, recordou.<\/p>\n<p>A atriz descreveu o projeto como &#8220;uma masterclass de timing&#8221; e destacou o ambiente humano vivido no set: &#8220;Eles s\u00e3o simplesmente boas pessoas. \u00c9 isso que faz tudo funcionar.&#8221;<\/p>\n<p>A conversa com a publica\u00e7\u00e3o norte-americana permitiu tamb\u00e9m recuar ao in\u00edcio do percurso, longe de qualquer tradi\u00e7\u00e3o art\u00edstica. &#8220;N\u00e3o h\u00e1 um \u00fanico artista na minha fam\u00edlia&#8221;, contou, acrescentando: &#8220;Os meus av\u00f3s trabalhavam no campo. O meu av\u00f4 trabalhou em submarinos.&#8221; O apoio dos pais foi decisivo quando decidiu seguir a representa\u00e7\u00e3o.<\/p>\n<blockquote data-type=\"articles\" data-id=\"related-article-17766289\"><p>\n              <strong>Leia tamb\u00e9m <\/strong><br \/>\n              <a href=\"https:\/\/www.jn.pt\/pessoas\/artigo\/desperdicio-de-dinheiro-daniela-melchior-critica-viagem-aeroespacial-que-levou-katy-perry-ao-espaco\/17766289\" rel=\"nofollow noopener\" target=\"_blank\">&#8220;Desperd\u00edcio de dinheiro&#8221;. Daniela Melchior critica viagem aeroespacial que levou Katy Perry ao Espa\u00e7o<\/a>\n            <\/p><\/blockquote>\n<p data-remotead-prev-elm=\"true\" data-remotead-elm-id=\"centro2\">Hoje, com carreira internacional consolidada, Daniela mant\u00e9m uma rela\u00e7\u00e3o serena com o sucesso. &#8220;Nunca tive um plano para Hollywood&#8221;, afirmou, admitindo que, no in\u00edcio, &#8220;estava simplesmente feliz em palco&#8221;.<\/p>\n<p>Foi essa naturalidade que a levou ao Universo DC, onde interpretou Ratcatcher 2 em &#8220;O esquadr\u00e3o suicida&#8221;, com destaque mundial. Sobre um eventual regresso, mant\u00e9m cautela, mas n\u00e3o esconde a vontade: &#8220;N\u00e3o sei. Adorava voltar. Cresci muito como pessoa e como artista.&#8221;<\/p>\n<p>Entre novos projetos, como &#8220;Noite violenta 2&#8221;, com estreia prevista para 2026, e a com\u00e9dia &#8220;Ball&#8221;s up&#8221;, n\u00e3o h\u00e1 d\u00favida que a jovem continua a brilhar na exigente &#8220;selva&#8221; de Hollywood.<\/p>\n","protected":false},"excerpt":{"rendered":"Daniela Melchior chega esta quarta-feira, 24 de dezembro, aos cinemas portugueses com &#8220;Anaconda&#8221;, produ\u00e7\u00e3o da Sony Pictures que&hellip;\n","protected":false},"author":2,"featured_media":201025,"comment_status":"","ping_status":"","sticky":false,"template":"","format":"standard","meta":{"footnotes":""},"categories":[145],"tags":[16768,211,210,470,37440,114,115,32,33],"class_list":{"0":"post-201024","1":"post","2":"type-post","3":"status-publish","4":"format-standard","5":"has-post-thumbnail","7":"category-celebridades","8":"tag-anaconda","9":"tag-celebridades","10":"tag-celebrities","11":"tag-cinema","12":"tag-daniela-melchior","13":"tag-entertainment","14":"tag-entretenimento","15":"tag-portugal","16":"tag-pt"},"share_on_mastodon":{"url":"https:\/\/pubeurope.com\/@pt\/115774858401659446","error":""},"_links":{"self":[{"href":"https:\/\/www.europesays.com\/pt\/wp-json\/wp\/v2\/posts\/201024","targetHints":{"allow":["GET"]}}],"collection":[{"href":"https:\/\/www.europesays.com\/pt\/wp-json\/wp\/v2\/posts"}],"about":[{"href":"https:\/\/www.europesays.com\/pt\/wp-json\/wp\/v2\/types\/post"}],"author":[{"embeddable":true,"href":"https:\/\/www.europesays.com\/pt\/wp-json\/wp\/v2\/users\/2"}],"replies":[{"embeddable":true,"href":"https:\/\/www.europesays.com\/pt\/wp-json\/wp\/v2\/comments?post=201024"}],"version-history":[{"count":0,"href":"https:\/\/www.europesays.com\/pt\/wp-json\/wp\/v2\/posts\/201024\/revisions"}],"wp:featuredmedia":[{"embeddable":true,"href":"https:\/\/www.europesays.com\/pt\/wp-json\/wp\/v2\/media\/201025"}],"wp:attachment":[{"href":"https:\/\/www.europesays.com\/pt\/wp-json\/wp\/v2\/media?parent=201024"}],"wp:term":[{"taxonomy":"category","embeddable":true,"href":"https:\/\/www.europesays.com\/pt\/wp-json\/wp\/v2\/categories?post=201024"},{"taxonomy":"post_tag","embeddable":true,"href":"https:\/\/www.europesays.com\/pt\/wp-json\/wp\/v2\/tags?post=201024"}],"curies":[{"name":"wp","href":"https:\/\/api.w.org\/{rel}","templated":true}]}}