{"id":201030,"date":"2025-12-24T13:53:13","date_gmt":"2025-12-24T13:53:13","guid":{"rendered":"https:\/\/www.europesays.com\/pt\/201030\/"},"modified":"2025-12-24T13:53:13","modified_gmt":"2025-12-24T13:53:13","slug":"sporting-trabalha-para-ter-luis-guilherme-por-emprestimo-com-obrigacao-de-compra","status":"publish","type":"post","link":"https:\/\/www.europesays.com\/pt\/201030\/","title":{"rendered":"Sporting trabalha para ter Lu\u00eds Guilherme por empr\u00e9stimo com obriga\u00e7\u00e3o de compra"},"content":{"rendered":"<p>O <a href=\"https:\/\/maisfutebol.iol.pt\/sporting\" target=\"_blank\" rel=\"nofollow noopener\"><strong>Sporting<\/strong><\/a> trabalha concretamente nos bastidores h\u00e1 pelo menos duas semanas para avan\u00e7ar com a contrata\u00e7\u00e3o do extremo brasileiro Lu\u00eds Guilherme, dos ingleses do West Ham, segundo apurou o <strong>Maisfutebol<\/strong>.<\/p>\n<p>Inicialmente, a ideia da SAD leonina passava por uma transfer\u00eancia em definitivo e, agora, caminha para um empr\u00e9stimo com obriga\u00e7\u00e3o de compra, num valor entre 15 e 20 milh\u00f5es de euros.<\/p>\n<p><a href=\"https:\/\/maisfutebol.iol.pt\/sporting\/mercado\/sporting-e-west-ham-em-conversacoes-por-luis-guilherme\" target=\"_blank\" rel=\"nofollow noopener\"><strong>Conforme o nosso jornal revelou com exclusividade na \u00faltima ter\u00e7a-feira<\/strong><\/a>, o jovem brasileiro de 19 anos \u00e9 um dos alvos priorit\u00e1rios dos le\u00f5es para refor\u00e7ar o ataque no mercado de inverno.<\/p>\n<p>A eventual chegada do jovem brasileiro \u00e9 fundamental para Rui Borges, que, nos \u00faltimos dias, perdeu Geovany Quenda (lesionado) e Geny Catamo (presente na CAN).<\/p>\n<p>Formado no Palmeiras e com passagens pelos escal\u00f5es de forma\u00e7\u00e3o da sele\u00e7\u00e3o brasileira, Lu\u00eds Guilherme tem contrato v\u00e1lido com o West Ham at\u00e9 junho de 2029. Custou 23 milh\u00f5es de euros na temporada passada.<\/p>\n<p><strong>LEIA MAIS:\u00a0<a href=\"https:\/\/maisfutebol.iol.pt\/cronologia\/6373897a0cf2254fb2824fe4\" target=\"_blank\" wbo-id=\"179\" rel=\"nofollow noopener\">tudo sobre o mercado de transfer\u00eancias<\/a><\/strong><\/p>\n","protected":false},"excerpt":{"rendered":"O Sporting trabalha concretamente nos bastidores h\u00e1 pelo menos duas semanas para avan\u00e7ar com a contrata\u00e7\u00e3o do extremo&hellip;\n","protected":false},"author":2,"featured_media":199680,"comment_status":"","ping_status":"","sticky":false,"template":"","format":"standard","meta":{"footnotes":""},"categories":[87],"tags":[135,39854,46,728,32,33,47,34,134,35,8709],"class_list":{"0":"post-201030","1":"post","2":"type-post","3":"status-publish","4":"format-standard","5":"has-post-thumbnail","7":"category-desporto","8":"tag-desporto","9":"tag-luis-guilherme","10":"tag-maisfutebol","11":"tag-mercado-sporting","12":"tag-portugal","13":"tag-pt","14":"tag-pura-paixao","15":"tag-sporting","16":"tag-sports","17":"tag-transferencias","18":"tag-west-ham"},"share_on_mastodon":{"url":"https:\/\/pubeurope.com\/@pt\/115774882235061779","error":""},"_links":{"self":[{"href":"https:\/\/www.europesays.com\/pt\/wp-json\/wp\/v2\/posts\/201030","targetHints":{"allow":["GET"]}}],"collection":[{"href":"https:\/\/www.europesays.com\/pt\/wp-json\/wp\/v2\/posts"}],"about":[{"href":"https:\/\/www.europesays.com\/pt\/wp-json\/wp\/v2\/types\/post"}],"author":[{"embeddable":true,"href":"https:\/\/www.europesays.com\/pt\/wp-json\/wp\/v2\/users\/2"}],"replies":[{"embeddable":true,"href":"https:\/\/www.europesays.com\/pt\/wp-json\/wp\/v2\/comments?post=201030"}],"version-history":[{"count":0,"href":"https:\/\/www.europesays.com\/pt\/wp-json\/wp\/v2\/posts\/201030\/revisions"}],"wp:featuredmedia":[{"embeddable":true,"href":"https:\/\/www.europesays.com\/pt\/wp-json\/wp\/v2\/media\/199680"}],"wp:attachment":[{"href":"https:\/\/www.europesays.com\/pt\/wp-json\/wp\/v2\/media?parent=201030"}],"wp:term":[{"taxonomy":"category","embeddable":true,"href":"https:\/\/www.europesays.com\/pt\/wp-json\/wp\/v2\/categories?post=201030"},{"taxonomy":"post_tag","embeddable":true,"href":"https:\/\/www.europesays.com\/pt\/wp-json\/wp\/v2\/tags?post=201030"}],"curies":[{"name":"wp","href":"https:\/\/api.w.org\/{rel}","templated":true}]}}