{"id":201060,"date":"2025-12-24T14:44:11","date_gmt":"2025-12-24T14:44:11","guid":{"rendered":"https:\/\/www.europesays.com\/pt\/201060\/"},"modified":"2025-12-24T14:44:11","modified_gmt":"2025-12-24T14:44:11","slug":"seguro-detestou-debate-entre-marques-mendes-e-gouveia-e-melo-observador","status":"publish","type":"post","link":"https:\/\/www.europesays.com\/pt\/201060\/","title":{"rendered":"Seguro detestou debate entre Marques Mendes e Gouveia e Melo \u2013 Observador"},"content":{"rendered":"<p>Ant\u00f3nio Jos\u00e9 Seguro comentou esta ter\u00e7a-feira o \u00faltimo frente a frente presidencial, entre os candidatos Marques Mendes e Gouveia e Melo: \u201cDetestei-o. N\u00e3o tenho outra palavra para dizer. Detestei. Porque n\u00f3s estamos a candidatar-nos a Presidente da Rep\u00fablica, que deve ser um referencial de valores, um referencial de respeito, um referencial de esperan\u00e7a. E aquilo que eu ouvi foi falar tudo menos disso. Foi falar de tudo menos do pa\u00eds. N\u00f3s precisamos de elevar a qualidade da nossa democracia e n\u00f3s, os candidatos, temos essa responsabilidade. Falar de solu\u00e7\u00f5es para os problemas concretos dos portugueses. A pol\u00edtica s\u00f3 \u00e9 pol\u00edtica se resolver os problemas dos portugueses\u201d.<\/p>\n<p>O candidato apoiado pelo PS desvalorizou o facto de estar a subir nas sondagens. Ant\u00f3nio Jos\u00e9 Seguro afirmou que \u201cas sondagens, s\u00e3o as sondagens\u201d, reiterando que o voto na sua candidatura \u201c\u00e9 necess\u00e1rio e os portugueses est\u00e3o a perceber isso\u201d. O candidato falava aos jornalistas na sua terra natal, Penamacor, no distrito de Castelo Branco, onde passa sempre esta quadra festiva. Seguro acredita que os debates ajudaram a esclarecer os eleitores e que isso justifica o apoio que os portugueses lhe manifestam.<\/p>\n<p>Quanto aos cartazes do Chega, que o tribunal deliberou que fossem retirados, Ant\u00f3nio Jos\u00e9 Seguro limita-se a responder que \u201ca lei em Portugal tem de ser cumprida por todos\u201d: \u201cN\u00e3o h\u00e1 ningu\u00e9m acima da lei. A lei \u00e9 a lei e num Estado de direito democr\u00e1tico todos s\u00e3o obrigados a cumprir a lei. A come\u00e7ar por aqueles que s\u00e3o deputados\u201d.<\/p>\n<p>O candidato apoiado pelo PS, partido cuja estrutura distrital compareceu em peso em Penamacor para acompanhar Ant\u00f3nio Jos\u00e9 Seguro, considera que \u201ccada vez mais, as pessoas querem algu\u00e9m que seja equilibrado, que seja ponderado, que venha para agregar, que venha para unir\u201d.<\/p>\n","protected":false},"excerpt":{"rendered":"Ant\u00f3nio Jos\u00e9 Seguro comentou esta ter\u00e7a-feira o \u00faltimo frente a frente presidencial, entre os candidatos Marques Mendes e&hellip;\n","protected":false},"author":2,"featured_media":201061,"comment_status":"","ping_status":"","sticky":false,"template":"","format":"standard","meta":{"footnotes":""},"categories":[8],"tags":[27,28,1077,15,16,14,25,26,21,22,12,13,19,20,302,32,1076,23,24,33,17,18,29,30,31],"class_list":{"0":"post-201060","1":"post","2":"type-post","3":"status-publish","4":"format-standard","5":"has-post-thumbnail","7":"category-principais-noticias","8":"tag-breaking-news","9":"tag-breakingnews","10":"tag-eleiu00e7u00f5es","11":"tag-featured-news","12":"tag-featurednews","13":"tag-headlines","14":"tag-latest-news","15":"tag-latestnews","16":"tag-main-news","17":"tag-mainnews","18":"tag-news","19":"tag-noticias","20":"tag-noticias-principais","21":"tag-noticiasprincipais","22":"tag-polu00edtica","23":"tag-portugal","24":"tag-presidenciais-2026","25":"tag-principais-noticias","26":"tag-principaisnoticias","27":"tag-pt","28":"tag-top-stories","29":"tag-topstories","30":"tag-ultimas","31":"tag-ultimas-noticias","32":"tag-ultimasnoticias"},"share_on_mastodon":{"url":"https:\/\/pubeurope.com\/@pt\/115775082789845939","error":""},"_links":{"self":[{"href":"https:\/\/www.europesays.com\/pt\/wp-json\/wp\/v2\/posts\/201060","targetHints":{"allow":["GET"]}}],"collection":[{"href":"https:\/\/www.europesays.com\/pt\/wp-json\/wp\/v2\/posts"}],"about":[{"href":"https:\/\/www.europesays.com\/pt\/wp-json\/wp\/v2\/types\/post"}],"author":[{"embeddable":true,"href":"https:\/\/www.europesays.com\/pt\/wp-json\/wp\/v2\/users\/2"}],"replies":[{"embeddable":true,"href":"https:\/\/www.europesays.com\/pt\/wp-json\/wp\/v2\/comments?post=201060"}],"version-history":[{"count":0,"href":"https:\/\/www.europesays.com\/pt\/wp-json\/wp\/v2\/posts\/201060\/revisions"}],"wp:featuredmedia":[{"embeddable":true,"href":"https:\/\/www.europesays.com\/pt\/wp-json\/wp\/v2\/media\/201061"}],"wp:attachment":[{"href":"https:\/\/www.europesays.com\/pt\/wp-json\/wp\/v2\/media?parent=201060"}],"wp:term":[{"taxonomy":"category","embeddable":true,"href":"https:\/\/www.europesays.com\/pt\/wp-json\/wp\/v2\/categories?post=201060"},{"taxonomy":"post_tag","embeddable":true,"href":"https:\/\/www.europesays.com\/pt\/wp-json\/wp\/v2\/tags?post=201060"}],"curies":[{"name":"wp","href":"https:\/\/api.w.org\/{rel}","templated":true}]}}