{"id":201068,"date":"2025-12-24T14:50:24","date_gmt":"2025-12-24T14:50:24","guid":{"rendered":"https:\/\/www.europesays.com\/pt\/201068\/"},"modified":"2025-12-24T14:50:24","modified_gmt":"2025-12-24T14:50:24","slug":"we-bury-the-dead-recebe-clipe-oficial-com-aparicao-de-zumbi","status":"publish","type":"post","link":"https:\/\/www.europesays.com\/pt\/201068\/","title":{"rendered":"We Bury the Dead recebe clipe oficial com apari\u00e7\u00e3o de zumbi"},"content":{"rendered":"<p class=\"wp-block-yoast-seo-estimated-reading-time yoast-reading-time__wrapper\">Estimated reading time: 2 minutos<\/p>\n<p>Estrelado por <a href=\"https:\/\/ovicio.com.br\/tag\/daisy-ridley\/\" target=\"_blank\" rel=\"noreferrer noopener nofollow\">Daisy Ridley<\/a> (Star Wars: O Despertar da For\u00e7a), <strong>We Bury the Dead<\/strong> recebeu um clipe oficial com exclusividade pelo <strong>DiscussingFilm<\/strong>, destacando a assustadora apari\u00e7\u00e3o de um zumbi.<\/p>\n<p>Aparentemente, essa \u00e9 a primeira vez que a protagonista v\u00ea algo do tipo, e um militar aparece \u00e0 tempo para eliminar a amea\u00e7a.<\/p>\n<p><strong>Zak Hilditch<\/strong>, de\u00a0<strong>As Horas Finais<\/strong>, cuida da dire\u00e7\u00e3o, e a estreia acontecer\u00e1 em\u00a0<strong>2 de janeiro de 2026<\/strong>.<\/p>\n<blockquote class=\"twitter-tweet\">\n<p lang=\"en\" dir=\"ltr\">Exclusive clip for \u2018WE BURY THE DEAD\u2019, starring Daisy Ridley.<\/p>\n<p>The zombie thriller follows a woman who joins a body retrieval unit, hoping to find her husband alive, but not everyone turns out to be dead.<\/p>\n<p>In theaters on January 2. <a href=\"https:\/\/t.co\/acQMuPHLuW\" rel=\"nofollow\">pic.twitter.com\/acQMuPHLuW<\/a><\/p>\n<p>\u2014 DiscussingFilm (@DiscussingFilm) <a href=\"https:\/\/twitter.com\/DiscussingFilm\/status\/2003557657328906285?ref_src=twsrc%5Etfw\" rel=\"nofollow noopener\" target=\"_blank\">December 23, 2025<\/a><\/p>\n<\/blockquote>\n<p>Sabemos que a distribui\u00e7\u00e3o fica sob responsabilidade da produtora\u00a0<strong>Vertical<\/strong>\u00a0nos Estados Unidos.<\/p>\n<p>N\u00e3o h\u00e1 previs\u00e3o no Brasil at\u00e9 agora.<\/p>\n<p>Leia mais sobre Daisy Ridley:<\/p>\n<p>Ap\u00f3s um catastr\u00f3fico experimento militar americano resultar em in\u00fameras mortes na Tasm\u00e2nia, Ava (Ridley) se junta a uma unidade de recupera\u00e7\u00e3o de corpos para ajudar a identificar os mortos e procurar por seu marido na parte sul da ilha. Conforme avan\u00e7a pela paisagem devastada, ela logo descobre que algumas das v\u00edtimas do desastre est\u00e3o voltando \u00e0 vida.<\/p>\n<p><strong>Fonte<\/strong>: <a href=\"https:\/\/x.com\/DiscussingFilm\/status\/2003557657328906285\" target=\"_blank\" rel=\"noreferrer noopener nofollow\">DiscussingFilm<\/a><\/p>\n<p><script async src=\"https:\/\/platform.twitter.com\/widgets.js\" charset=\"utf-8\"><\/script><\/p>\n","protected":false},"excerpt":{"rendered":"Estimated reading time: 2 minutos Estrelado por Daisy Ridley (Star Wars: O Despertar da For\u00e7a), We Bury the&hellip;\n","protected":false},"author":2,"featured_media":201069,"comment_status":"","ping_status":"","sticky":false,"template":"","format":"standard","meta":{"footnotes":""},"categories":[140],"tags":[28428,114,115,147,148,146,32,33],"class_list":{"0":"post-201068","1":"post","2":"type-post","3":"status-publish","4":"format-standard","5":"has-post-thumbnail","7":"category-filmes","8":"tag-daisy-ridley","9":"tag-entertainment","10":"tag-entretenimento","11":"tag-film","12":"tag-filmes","13":"tag-movies","14":"tag-portugal","15":"tag-pt"},"share_on_mastodon":{"url":"https:\/\/pubeurope.com\/@pt\/115775106271714923","error":""},"_links":{"self":[{"href":"https:\/\/www.europesays.com\/pt\/wp-json\/wp\/v2\/posts\/201068","targetHints":{"allow":["GET"]}}],"collection":[{"href":"https:\/\/www.europesays.com\/pt\/wp-json\/wp\/v2\/posts"}],"about":[{"href":"https:\/\/www.europesays.com\/pt\/wp-json\/wp\/v2\/types\/post"}],"author":[{"embeddable":true,"href":"https:\/\/www.europesays.com\/pt\/wp-json\/wp\/v2\/users\/2"}],"replies":[{"embeddable":true,"href":"https:\/\/www.europesays.com\/pt\/wp-json\/wp\/v2\/comments?post=201068"}],"version-history":[{"count":0,"href":"https:\/\/www.europesays.com\/pt\/wp-json\/wp\/v2\/posts\/201068\/revisions"}],"wp:featuredmedia":[{"embeddable":true,"href":"https:\/\/www.europesays.com\/pt\/wp-json\/wp\/v2\/media\/201069"}],"wp:attachment":[{"href":"https:\/\/www.europesays.com\/pt\/wp-json\/wp\/v2\/media?parent=201068"}],"wp:term":[{"taxonomy":"category","embeddable":true,"href":"https:\/\/www.europesays.com\/pt\/wp-json\/wp\/v2\/categories?post=201068"},{"taxonomy":"post_tag","embeddable":true,"href":"https:\/\/www.europesays.com\/pt\/wp-json\/wp\/v2\/tags?post=201068"}],"curies":[{"name":"wp","href":"https:\/\/api.w.org\/{rel}","templated":true}]}}