{"id":201125,"date":"2025-12-24T16:00:47","date_gmt":"2025-12-24T16:00:47","guid":{"rendered":"https:\/\/www.europesays.com\/pt\/201125\/"},"modified":"2025-12-24T16:00:47","modified_gmt":"2025-12-24T16:00:47","slug":"esta-histeria-coletiva-e-gasolina-super-para-o-tricampeonato-do-sporting","status":"publish","type":"post","link":"https:\/\/www.europesays.com\/pt\/201125\/","title":{"rendered":"\u00abEsta histeria coletiva \u00e9 gasolina super para o tricampeonato do Sporting\u00bb"},"content":{"rendered":"<p>Frederico Varandas, presidente do Sporting, falou aos jornalistas no final do duelo com o Vit\u00f3ria de Guimar\u00e3es (4-1) sobre a arbitragem e a press\u00e3o que a classe tem sofrido nos \u00faltimos meses.\u00a0<\/p>\n<p>Varandas diz que \u00e9 tempo para compreender que todos os \u00e1rbitros erram e admite at\u00e9 que o Sporting foi beneficiado diante do Santa Clara. No final, deixa um aviso aos rivais.<\/p>\n","protected":false},"excerpt":{"rendered":"Frederico Varandas, presidente do Sporting, falou aos jornalistas no final do duelo com o Vit\u00f3ria de Guimar\u00e3es (4-1)&hellip;\n","protected":false},"author":2,"featured_media":201126,"comment_status":"","ping_status":"","sticky":false,"template":"","format":"standard","meta":{"footnotes":""},"categories":[87],"tags":[135,1664,46,32,33,47,34,134],"class_list":{"0":"post-201125","1":"post","2":"type-post","3":"status-publish","4":"format-standard","5":"has-post-thumbnail","7":"category-desporto","8":"tag-desporto","9":"tag-frederico-varandas","10":"tag-maisfutebol","11":"tag-portugal","12":"tag-pt","13":"tag-pura-paixao","14":"tag-sporting","15":"tag-sports"},"share_on_mastodon":{"url":"https:\/\/pubeurope.com\/@pt\/115775385276470853","error":""},"_links":{"self":[{"href":"https:\/\/www.europesays.com\/pt\/wp-json\/wp\/v2\/posts\/201125","targetHints":{"allow":["GET"]}}],"collection":[{"href":"https:\/\/www.europesays.com\/pt\/wp-json\/wp\/v2\/posts"}],"about":[{"href":"https:\/\/www.europesays.com\/pt\/wp-json\/wp\/v2\/types\/post"}],"author":[{"embeddable":true,"href":"https:\/\/www.europesays.com\/pt\/wp-json\/wp\/v2\/users\/2"}],"replies":[{"embeddable":true,"href":"https:\/\/www.europesays.com\/pt\/wp-json\/wp\/v2\/comments?post=201125"}],"version-history":[{"count":0,"href":"https:\/\/www.europesays.com\/pt\/wp-json\/wp\/v2\/posts\/201125\/revisions"}],"wp:featuredmedia":[{"embeddable":true,"href":"https:\/\/www.europesays.com\/pt\/wp-json\/wp\/v2\/media\/201126"}],"wp:attachment":[{"href":"https:\/\/www.europesays.com\/pt\/wp-json\/wp\/v2\/media?parent=201125"}],"wp:term":[{"taxonomy":"category","embeddable":true,"href":"https:\/\/www.europesays.com\/pt\/wp-json\/wp\/v2\/categories?post=201125"},{"taxonomy":"post_tag","embeddable":true,"href":"https:\/\/www.europesays.com\/pt\/wp-json\/wp\/v2\/tags?post=201125"}],"curies":[{"name":"wp","href":"https:\/\/api.w.org\/{rel}","templated":true}]}}