{"id":201408,"date":"2025-12-24T21:58:10","date_gmt":"2025-12-24T21:58:10","guid":{"rendered":"https:\/\/www.europesays.com\/pt\/201408\/"},"modified":"2025-12-24T21:58:10","modified_gmt":"2025-12-24T21:58:10","slug":"boneca-russa-natasha-lyonne-revela-que-quer-fazer-filme-da-serie","status":"publish","type":"post","link":"https:\/\/www.europesays.com\/pt\/201408\/","title":{"rendered":"Boneca Russa | Natasha Lyonne revela que quer fazer filme da s\u00e9rie"},"content":{"rendered":"<p>A continuidade da s\u00e9rie\u00a0<strong>Boneca Russa<\/strong> \u00e9 algo que, definitivamente, est\u00e1 nos planos da atriz\u00a0<strong>Natasha Lyonne<\/strong>.<\/p>\n<p>Ela n\u00e3o apenas admitiu que deseja conversar com a <strong>Netflix<\/strong> sobre uma terceira temporada do programa, como tamb\u00e9m deu a entender que pretende, antes, protagonizar um longa-metragem da saga.<\/p>\n<p>            Continua depois da Publicidade<\/p>\n<p>&#8220;Estou determinada a fazer isso no estilo de <strong>David Lynch<\/strong>. Quero seguir esse modelo&#8221;, revelou, em entrevista ao portal The Hollywood Reporter.<\/p>\n<p>Natasha se refere ao trabalho de Lynch na franquia <strong>Twin Peaks<\/strong>. Ap\u00f3s o sucesso da s\u00e9rie original, entre 1990 e 1991, o produtor lan\u00e7ou uma prequela da hist\u00f3ria para o cinema, <strong>Twin Peaks: Fire Walk with Me\u00a0<\/strong>(1992), para somente bem depois lan\u00e7ar uma terceira temporada tardia na TV,\u00a0<strong>Twin Peaks: The Return\u00a0<\/strong>(2017).<\/p>\n<p>A atriz admitiu, entretanto, que n\u00e3o h\u00e1 datas para esses projetos sa\u00edrem do papel. &#8220;N\u00e3o posso dizer quando vou entrar em contato com a Netflix. Mas est\u00e1 a caminho, est\u00e1 em processo. Consigo trabalhar nisso entre outros prazos. Estou com prazos apertados para muitos rascunhos&#8221;, acrescentou.<\/p>\n<p>Cria\u00e7\u00e3o de\u00a0<strong>Amy Poehler<\/strong>,\u00a0Natasha Lyonne\u00a0e<strong>\u00a0Leslye Headland<\/strong>, a trama de\u00a0Boneca Russa acompanha Nadia (Lyonne), convidada de honra de uma festa inescap\u00e1vel em que toda vez que morre, se v\u00ea voltando para o come\u00e7o do dia, sem entender.<\/p>\n<p>            Continua depois da Publicidade<\/p>\n<p>A com\u00e9dia, que recebeu duas indica\u00e7\u00f5es ao Emmy em 2019, foi renovada para o segundo ano em junho do mesmo ano. Estes novos epis\u00f3dios foram lan\u00e7ados em abril de 2022 e a s\u00e9rie encontra-se desde ent\u00e3o em hiato, aguardando continuidade.<\/p>\n","protected":false},"excerpt":{"rendered":"A continuidade da s\u00e9rie\u00a0Boneca Russa \u00e9 algo que, definitivamente, est\u00e1 nos planos da atriz\u00a0Natasha Lyonne. Ela n\u00e3o apenas&hellip;\n","protected":false},"author":2,"featured_media":201409,"comment_status":"","ping_status":"","sticky":false,"template":"","format":"standard","meta":{"footnotes":""},"categories":[145],"tags":[211,210,114,115,32,33],"class_list":{"0":"post-201408","1":"post","2":"type-post","3":"status-publish","4":"format-standard","5":"has-post-thumbnail","7":"category-celebridades","8":"tag-celebridades","9":"tag-celebrities","10":"tag-entertainment","11":"tag-entretenimento","12":"tag-portugal","13":"tag-pt"},"share_on_mastodon":{"url":"https:\/\/pubeurope.com\/@pt\/115776789914104989","error":""},"_links":{"self":[{"href":"https:\/\/www.europesays.com\/pt\/wp-json\/wp\/v2\/posts\/201408","targetHints":{"allow":["GET"]}}],"collection":[{"href":"https:\/\/www.europesays.com\/pt\/wp-json\/wp\/v2\/posts"}],"about":[{"href":"https:\/\/www.europesays.com\/pt\/wp-json\/wp\/v2\/types\/post"}],"author":[{"embeddable":true,"href":"https:\/\/www.europesays.com\/pt\/wp-json\/wp\/v2\/users\/2"}],"replies":[{"embeddable":true,"href":"https:\/\/www.europesays.com\/pt\/wp-json\/wp\/v2\/comments?post=201408"}],"version-history":[{"count":0,"href":"https:\/\/www.europesays.com\/pt\/wp-json\/wp\/v2\/posts\/201408\/revisions"}],"wp:featuredmedia":[{"embeddable":true,"href":"https:\/\/www.europesays.com\/pt\/wp-json\/wp\/v2\/media\/201409"}],"wp:attachment":[{"href":"https:\/\/www.europesays.com\/pt\/wp-json\/wp\/v2\/media?parent=201408"}],"wp:term":[{"taxonomy":"category","embeddable":true,"href":"https:\/\/www.europesays.com\/pt\/wp-json\/wp\/v2\/categories?post=201408"},{"taxonomy":"post_tag","embeddable":true,"href":"https:\/\/www.europesays.com\/pt\/wp-json\/wp\/v2\/tags?post=201408"}],"curies":[{"name":"wp","href":"https:\/\/api.w.org\/{rel}","templated":true}]}}