{"id":201587,"date":"2025-12-25T02:22:07","date_gmt":"2025-12-25T02:22:07","guid":{"rendered":"https:\/\/www.europesays.com\/pt\/201587\/"},"modified":"2025-12-25T02:22:07","modified_gmt":"2025-12-25T02:22:07","slug":"seguimos-em-oracoes-pai-de-isabel-veloso-atualiza-estado-de-saude-da-influenciadora","status":"publish","type":"post","link":"https:\/\/www.europesays.com\/pt\/201587\/","title":{"rendered":"&#8220;Seguimos em ora\u00e7\u00f5es&#8221;: pai de Isabel Veloso atualiza estado de sa\u00fade da influenciadora"},"content":{"rendered":"<p>Nesta quarta-feira (24), <strong>v\u00e9spera de Natal<\/strong>, Joelson Veloso, pai da influenciadora Isabel Veloso, voltou \u00e0s redes sociais para falar sobre o estado de sa\u00fade da filha.<\/p>\n<p>Em novas atualiza\u00e7\u00f5es, Joelson afirmou em um story no Instagram: \u201c<strong>A estabilidade dela e a melhora ventilat\u00f3ria j\u00e1 s\u00e3o grandes vit\u00f3rias<\/strong>\u201d.<\/p>\n<p><a href=\"https:\/\/gauchazh.clicrbs.com.br\/viral\/noticia\/2025\/12\/isabel-veloso-segue-sedada-e-estavel-familia-aguarda-resultado-de-nova-biopsia-cmj7mzhcn00ax017bic5hy3ws.html\" rel=\"nofollow noopener\" target=\"_blank\"><strong>Isabel est\u00e1 internada desde 26 de novembro<\/strong><\/a>. Os exames apontaram um<strong> excesso de magn\u00e9sio no sangue<\/strong>. Alguns dias depois, ela voltou a respirar sem a ajuda de aparelhos, permanecendo apenas com suporte de alimenta\u00e7\u00e3o por sonda.<\/p>\n<p>Na madrugada do dia 4 de dezembro, no entanto, ap\u00f3s os m\u00e9dicos diagnosticarem uma <strong>pneumonia grave<\/strong>, a paciente voltou a apresentar complica\u00e7\u00f5es, de acordo com atualiza\u00e7\u00f5es divulgadas pelo marido, Lucas Borbas, nas redes sociais.<\/p>\n<p>Fique por dentro do que \u00e9 not\u00edcia no RS, no Brasil e no mundo: <a href=\"http:\/\/www.gauchazh.com\/app\" rel=\"noopener noreferrer nofollow\" target=\"_blank\" title=\"http:\/\/www.gauchazh.com\/app\">baixe o app de GZH<\/a><a href=\"http:\/\/www.gauchazh.com\/app\" rel=\"noopener noreferrer nofollow\" target=\"_blank\" title=\"http:\/\/www.gauchazh.com\/app\"> <\/a>e acompanhe a R\u00e1dio Ga\u00facha de gra\u00e7a no seu celular<\/p>\n","protected":false},"excerpt":{"rendered":"Nesta quarta-feira (24), v\u00e9spera de Natal, Joelson Veloso, pai da influenciadora Isabel Veloso, voltou \u00e0s redes sociais para&hellip;\n","protected":false},"author":2,"featured_media":201588,"comment_status":"","ping_status":"","sticky":false,"template":"","format":"standard","meta":{"footnotes":""},"categories":[145],"tags":[211,210,114,115,18731,32,33,3022],"class_list":{"0":"post-201587","1":"post","2":"type-post","3":"status-publish","4":"format-standard","5":"has-post-thumbnail","7":"category-celebridades","8":"tag-celebridades","9":"tag-celebrities","10":"tag-entertainment","11":"tag-entretenimento","12":"tag-influenciadores","13":"tag-portugal","14":"tag-pt","15":"tag-trends"},"share_on_mastodon":{"url":"https:\/\/pubeurope.com\/@pt\/115777827194146976","error":""},"_links":{"self":[{"href":"https:\/\/www.europesays.com\/pt\/wp-json\/wp\/v2\/posts\/201587","targetHints":{"allow":["GET"]}}],"collection":[{"href":"https:\/\/www.europesays.com\/pt\/wp-json\/wp\/v2\/posts"}],"about":[{"href":"https:\/\/www.europesays.com\/pt\/wp-json\/wp\/v2\/types\/post"}],"author":[{"embeddable":true,"href":"https:\/\/www.europesays.com\/pt\/wp-json\/wp\/v2\/users\/2"}],"replies":[{"embeddable":true,"href":"https:\/\/www.europesays.com\/pt\/wp-json\/wp\/v2\/comments?post=201587"}],"version-history":[{"count":0,"href":"https:\/\/www.europesays.com\/pt\/wp-json\/wp\/v2\/posts\/201587\/revisions"}],"wp:featuredmedia":[{"embeddable":true,"href":"https:\/\/www.europesays.com\/pt\/wp-json\/wp\/v2\/media\/201588"}],"wp:attachment":[{"href":"https:\/\/www.europesays.com\/pt\/wp-json\/wp\/v2\/media?parent=201587"}],"wp:term":[{"taxonomy":"category","embeddable":true,"href":"https:\/\/www.europesays.com\/pt\/wp-json\/wp\/v2\/categories?post=201587"},{"taxonomy":"post_tag","embeddable":true,"href":"https:\/\/www.europesays.com\/pt\/wp-json\/wp\/v2\/tags?post=201587"}],"curies":[{"name":"wp","href":"https:\/\/api.w.org\/{rel}","templated":true}]}}