{"id":201881,"date":"2025-12-25T11:58:18","date_gmt":"2025-12-25T11:58:18","guid":{"rendered":"https:\/\/www.europesays.com\/pt\/201881\/"},"modified":"2025-12-25T11:58:18","modified_gmt":"2025-12-25T11:58:18","slug":"o-sonho-era-a-vida-militar-mas-um-acidente-levou-a-para-uma-escola-de-montanha-raquel-e-educadora-no-soajo-aqui-e-se-o-pao-caiu-apanha-e-come","status":"publish","type":"post","link":"https:\/\/www.europesays.com\/pt\/201881\/","title":{"rendered":"O sonho era a vida militar, mas um acidente levou-a para uma escola de montanha. Raquel \u00e9 educadora no Soajo. &#8220;Aqui \u00e9, &#8216;se o p\u00e3o caiu, apanha e come'&#8221;"},"content":{"rendered":"<p>\t                Nasceu em Bragan\u00e7a h\u00e1 36 anos. Quis seguir os passos do irm\u00e3o e seguir a vida militar. Mas um acidente de via\u00e7\u00e3o grave trocou-lhe as voltas e deixou-lhe sequelas para a vida inteira. Numa hist\u00f3ria de supera\u00e7\u00e3o, tornou-se educadora de inf\u00e2ncia e tem andado com a casa \u00e0s costas. Este ano foi colocada na vila do Soajo, onde o tempo passa devagar e vive um conto de Natal todos os dias<\/p>\n<p style=\"margin-bottom:11px\">A regi\u00e3o onde Raquel \u00e9 educadora de inf\u00e2ncia podia ser cen\u00e1rio de um conto de Natal. Com pouco mais de 600 habitantes, a vila de Soajo, no concelho de Arcos de Valdevez, ergue-se na encosta da serra com o mesmo nome, nas margens do Rio Vez. Os telhados, vermelho vivo, contrastam com as paredes escuras das casas t\u00edpicas do Ger\u00eas profundo.<\/p>\n<p>A Escola da Eira, onde Raquel foi colocada este ano, n\u00e3o foge \u00e0 regra. As paredes s\u00e3o grossas, de pedra escura. O recreio confunde-se com a eira onde se erguem os tradicionais espigueiros e onde, \u00e0 revelia das professoras, muitas vezes, acabam as brincadeiras.<\/p>\n<p> <img loading=\"lazy\" decoding=\"async\" alt=\"\" height=\"338\" src=\"https:\/\/www.europesays.com\/pt\/wp-content\/uploads\/2025\/12\/69459127d34e3caad84c9cf3.webp\" width=\"600\"\/> <\/p>\n<p>   O recreio da escola do Soajo confunde-se com a eira, que alberga os famosos espigueiros. (Arquivo pessoal de Raquel Ferreira) <\/p>\n<p>Raquel Ferreira \u00e9 a \u00fanica educadora de inf\u00e2ncia da vila, que tem mais uma professora titular para os quatro anos do 1.\u00ba Ciclo do Ensino B\u00e1sico, uma professora de apoio e uma assistente operacional. As quatro mulheres ajudam a crescer duas dezenas de crian\u00e7as. Raquel tem em sala oito crian\u00e7as, dos dois aos cinco anos. Apesar dos problemas de locomo\u00e7\u00e3o que tem, cuida sozinha delas (\u201ca auxiliar est\u00e1 afeta ao 1.\u00ba Ciclo\u201d), enquanto lhes desenvolve novas compet\u00eancias e capacidades e as prepara para a entrada do primeiro ano. Para a escola a s\u00e9rio.<\/p>\n<p>\u201cUma das oito crian\u00e7as tem alguns problemas de express\u00e3o oral. Acabo por me focar mais naquela crian\u00e7a do que nos outros. Tento dar aten\u00e7\u00e3o a todas crian\u00e7as, mas aquela acaba por exigir mais de mim\u201d, destaca.<\/p>\n<p>Uma hist\u00f3ria de supera\u00e7\u00e3o <\/p>\n<p>A hist\u00f3ria de vida de Raquel Ferreira \u00e9 uma hist\u00f3ria de supera\u00e7\u00e3o. Passou a inf\u00e2ncia a desejar seguir os passos do irm\u00e3o e ir para o Ex\u00e9rcito. O destino trocou-lhe as voltas e, aos 11 anos, um acidente atirou-a para meses de coma profundo e para uma recupera\u00e7\u00e3o intermin\u00e1vel. Deixou-lhe sequelas que, ainda hoje, s\u00e3o vis\u00edveis.<\/p>\n<p>Do acidente de via\u00e7\u00e3o que quase lhe ceifou a vida, nada se lembra. \u201cAli\u00e1s, n\u00e3o me lembro de nada desde as 17:00 do dia anterior\u201d, sublinha.<\/p>\n<p>No dia 1 de novembro, havia uma festa l\u00e1 na aldeia. A fam\u00edlia inteira foi. Quando os pais decidiram ir embora, Raquel ainda queria ficar e o irm\u00e3o convenceu os pais a deixarem-na com ele. De madrugada, quando regressavam a casa, o carro conduzido pelo irm\u00e3o entrou em despiste. Ao lado do irm\u00e3o, seguia um amigo deste. Raquel ia no banco de tr\u00e1s, sem cinto. Foi projetada para uma ravina.<\/p>\n<p>\u201cO meu irm\u00e3o andou \u00e0 minha procura pelo meio do monte e prestou-me os primeiros socorros. Fui para o hospital de Bragan\u00e7a e, de l\u00e1, para o hospital de Santo Ant\u00f3nio, no Porto\u201d, relata. Ficou gravemente ferida: \u201cum traumatismo pulmonar, um traumatismo cr\u00e2nio-encef\u00e1lico, um bra\u00e7o partido e muitas outras coisas\u201d. Esteve nove meses no hospital, quatro deles em coma.<\/p>\n<p>Voltou \u00e0 escola um ano depois. Retomou o 7.\u00ba ano, que tinha ficado em suspenso. As sequelas do acidente fizeram mossa nos estudos, j\u00e1 que a mem\u00f3ria ficou profundamente afetada. Al\u00e9m da mem\u00f3ria, ficou com problemas de locomo\u00e7\u00e3o que, ainda hoje, lhe afetam a sa\u00fade.<\/p>\n<p>Por causa do acidente, Raquel Ferreira teve de abandonar o sonho da vida militar e recorrer ao plano B, \u201cque me faz t\u00e3o ou mais feliz\u201d. \u201cSempre gostei muito de crian\u00e7as. Decidi, por isso, ser educadora de inf\u00e2ncia\u201d, resume.<\/p>\n<p>Por causa das sequelas do acidente, s\u00f3 terminou o curso h\u00e1 cinco anos. Aos 36 anos, como tantos professores, j\u00e1 conta com um pequeno p\u00e9riplo pelo pa\u00eds com a casa \u00e0s costas. J\u00e1 esteve colocada em meios mais urbanos, passando pela Malveira, Sacav\u00e9m e Viana do Castelo. \u00c9 na montanha que se sente bem e n\u00e3o se \u201cimportava nada de ser reconduzida para o ano\u201d.<\/p>\n<p>De Bragan\u00e7a ao Soajo, passando por Espanha <\/p>\n<p>Do Soajo a Bragan\u00e7a, onde reside e onde residem os pais, em linha reta, s\u00e3o menos de 150 quil\u00f3metros. Mas as curvas e contracurvas das estradas das serras de Montesinho e do Ger\u00eas fazem com que o caminho se estenda por quase 300 quil\u00f3metros, se optar s\u00f3 pelas estradas portuguesas. \u00c9 por isso que vai sempre por Espanha, quando, uma vez por m\u00eas, visita os pais. \u201c\u00c9 muito mais perto. Quase menos 100 quil\u00f3metros\u201d, justifica. O tempo de viagem \u00e9 quase o mesmo: mais de tr\u00eas horas de caminho.<\/p>\n<p>Vive, por isso, numa casa alugada no Soajo. J\u00e1 foi \u201cadotada\u201d pelos vizinhos da frente, um casal de idosos na casa dos noventas, que a \u201ctratam como neta\u201d. Ali, o tempo passa devagar e os ponteiros do rel\u00f3gio pedem licen\u00e7a para avan\u00e7ar. Os dias s\u00e3o calmos e \u00e9 precisamente dessa calma que gosta. \u201cAconselhava toda a gente a vir para esta regi\u00e3o. Sobretudo para quem gosta da pacatez e de calma\u201d, resume. \u00a0<\/p>\n<p>Acorda cedo, passeia a pequena cadela, companheira de viagens e amuleto contra a solid\u00e3o, toma o pequeno-almo\u00e7o com a calma que s\u00f3 a montanha permite e vai para a escola, onde os dias s\u00e3o, simultaneamente, todos iguais e todos diferentes.<\/p>\n<p>J\u00e1 lhe disseram que costuma nevar no Soajo. Raquel nunca viu. Frio garante que n\u00e3o sente. \u201cEm Bragan\u00e7a faz mais frio!\u201d.<\/p>\n<p> <a href=\"https:\/\/cnnportugal.iol.pt\/fotos\/a-educadora-raquel-esta-apaixonada-pelo-soajo-onde-foi-colocada-ha-tres-meses\/69459128d34e2bd5c6d555d7\" rel=\"nofollow noopener\" target=\"_blank\"><img loading=\"lazy\" decoding=\"async\" alt=\"\" height=\"450\" src=\"https:\/\/www.europesays.com\/pt\/wp-content\/uploads\/2025\/12\/69459127d34e2bd5c6d555cf.webp\" width=\"600\"\/><\/a> <\/p>\n<p>   Raquel Ferreira est\u00e1 apaixonada pelos dias vagarosos do Soajo. Clique na imagem para ver mais imagens da cole\u00e7\u00e3o da educadora. (Arquivo pessoal Raquel Ferreira) <\/p>\n<p>\u201cDou-me lindamente com os meninos e com os pais\u201d <\/p>\n<p>A educadora Raquel diz que, no Soajo, nunca se sentiu sozinha nos \u00faltimos tr\u00eas meses. \u201cTenho bons vizinhos!\u201d. Tem uma \u201cexcelente\u201d rela\u00e7\u00e3o com as colegas, com as crian\u00e7as e com as fam\u00edlias. \u201cDou-me lindamente com os meninos e com os pais\u201d, refor\u00e7a.<\/p>\n<p>As diferen\u00e7as entre a ruralidade do Soajo e a urbanidade de Sacav\u00e9m ou da Malveira, s\u00e3o significativas. \u201cOs pais da cidade querem os filhos superprotegidos. E um professor n\u00e3o pode dar aten\u00e7\u00e3o a uma crian\u00e7a e deixar os outros para tr\u00e1s. Aqui no Soajo, \u00e9 mais \u2018se o p\u00e3o caiu, apanha e come\u2019\u201d, ri.<\/p>\n<p>A conversa com a CNN Portugal aconteceu poucas horas depois da festa de Natal na Escola da Eira. \u201cTivemos apresenta\u00e7\u00f5es do pr\u00e9-escolar, do 1.\u00ba ciclo e das AECS (m\u00fasica e ingl\u00eas). Os pais adoraram e os meninos divertiram-se muito. No fim, partilh\u00e1mos todos um lanchihno\u201d, resume.<\/p>\n<p>Os oito meninos da sala da educadora Raquel apresentaram uma coreografia ao som da m\u00fasica infantil de Natal \u201cZ\u00e9, o Boneco de Neve\u201d.<\/p>\n<p>\u201cZ\u00e9, o Boneco,<br \/>era feito de neve fria<br \/>Com o chap\u00e9u na cabe\u00e7a<br \/>Pois sen\u00e3o derretia<\/p>\n<p>Z\u00e9, o Boneco,<br \/>no nariz, uma cenoura<br \/>com la\u00e7o no pesco\u00e7o<br \/>e na m\u00e3o uma vassoura.<br \/>Um boneco mesmo muito alegre<br \/>e cheio de magia,<br \/>brincava com todos os meninos<br \/>fosse noite ou fosse dia\u201d<\/p>\n<p>O Z\u00e9 e a Raquel t\u00eam isto em comum: brincam com todos os meninos, fa\u00e7a noite ou fa\u00e7a dia. Raquel dedica-se, por inteiro, aos meninos. E garante que recebe muito amor em troca: \u201cAs crian\u00e7as t\u00eam uma intera\u00e7\u00e3o connosco incr\u00edvel. As minhas gostam muito de mim e eu gosto muito delas\u201d.<\/p>\n","protected":false},"excerpt":{"rendered":"Nasceu em Bragan\u00e7a h\u00e1 36 anos. Quis seguir os passos do irm\u00e3o e seguir a vida militar. Mas&hellip;\n","protected":false},"author":2,"featured_media":201882,"comment_status":"","ping_status":"","sticky":false,"template":"","format":"standard","meta":{"footnotes":""},"categories":[10],"tags":[609,836,611,1450,27,28,607,608,333,832,604,135,610,476,3051,40143,40145,15,16,301,830,14,603,25,26,570,21,22,831,833,40144,62,834,12,13,19,20,835,602,52,32,23,24,33,40141,40142,17,18,29,30,31],"class_list":{"0":"post-201881","1":"post","2":"type-post","3":"status-publish","4":"format-standard","5":"has-post-thumbnail","7":"category-portugal","8":"tag-alerta","9":"tag-analise","10":"tag-ao-minuto","11":"tag-braganca","12":"tag-breaking-news","13":"tag-breakingnews","14":"tag-cnn","15":"tag-cnn-portugal","16":"tag-comentadores","17":"tag-costa","18":"tag-crime","19":"tag-desporto","20":"tag-direto","21":"tag-economia","22":"tag-educadora","23":"tag-educadora-de-infancia","24":"tag-escola-de-montanha","25":"tag-featured-news","26":"tag-featurednews","27":"tag-governo","28":"tag-guerra","29":"tag-headlines","30":"tag-justica","31":"tag-latest-news","32":"tag-latestnews","33":"tag-live","34":"tag-main-news","35":"tag-mainnews","36":"tag-mais-vistas","37":"tag-marcelo","38":"tag-montanha","39":"tag-mundo","40":"tag-negocios","41":"tag-news","42":"tag-noticias","43":"tag-noticias-principais","44":"tag-noticiasprincipais","45":"tag-opiniao","46":"tag-pais","47":"tag-politica","48":"tag-portugal","49":"tag-principais-noticias","50":"tag-principaisnoticias","51":"tag-pt","52":"tag-raquel-ferreira","53":"tag-soajo","54":"tag-top-stories","55":"tag-topstories","56":"tag-ultimas","57":"tag-ultimas-noticias","58":"tag-ultimasnoticias"},"share_on_mastodon":{"url":"","error":"Validation failed: Text character limit of 500 exceeded"},"_links":{"self":[{"href":"https:\/\/www.europesays.com\/pt\/wp-json\/wp\/v2\/posts\/201881","targetHints":{"allow":["GET"]}}],"collection":[{"href":"https:\/\/www.europesays.com\/pt\/wp-json\/wp\/v2\/posts"}],"about":[{"href":"https:\/\/www.europesays.com\/pt\/wp-json\/wp\/v2\/types\/post"}],"author":[{"embeddable":true,"href":"https:\/\/www.europesays.com\/pt\/wp-json\/wp\/v2\/users\/2"}],"replies":[{"embeddable":true,"href":"https:\/\/www.europesays.com\/pt\/wp-json\/wp\/v2\/comments?post=201881"}],"version-history":[{"count":0,"href":"https:\/\/www.europesays.com\/pt\/wp-json\/wp\/v2\/posts\/201881\/revisions"}],"wp:featuredmedia":[{"embeddable":true,"href":"https:\/\/www.europesays.com\/pt\/wp-json\/wp\/v2\/media\/201882"}],"wp:attachment":[{"href":"https:\/\/www.europesays.com\/pt\/wp-json\/wp\/v2\/media?parent=201881"}],"wp:term":[{"taxonomy":"category","embeddable":true,"href":"https:\/\/www.europesays.com\/pt\/wp-json\/wp\/v2\/categories?post=201881"},{"taxonomy":"post_tag","embeddable":true,"href":"https:\/\/www.europesays.com\/pt\/wp-json\/wp\/v2\/tags?post=201881"}],"curies":[{"name":"wp","href":"https:\/\/api.w.org\/{rel}","templated":true}]}}