{"id":201903,"date":"2025-12-25T12:17:16","date_gmt":"2025-12-25T12:17:16","guid":{"rendered":"https:\/\/www.europesays.com\/pt\/201903\/"},"modified":"2025-12-25T12:17:16","modified_gmt":"2025-12-25T12:17:16","slug":"luan-santana-o-que-ver-na-tv-e-no-streaming-na-quinta-24-12-2025-ilustrada","status":"publish","type":"post","link":"https:\/\/www.europesays.com\/pt\/201903\/","title":{"rendered":"Luan Santana: o que ver na TV e no streaming na quinta &#8211; 24\/12\/2025 &#8211; Ilustrada"},"content":{"rendered":"<p>Quando o <a href=\"https:\/\/www1.folha.uol.com.br\/folha-topicos\/natal\/\" rel=\"nofollow noopener\" target=\"\">Natal<\/a> simplesmente desaparece da noite para o dia, em <a href=\"https:\/\/f5.folha.uol.com.br\/colunistas\/outro-canal\/2025\/12\/em-acordo-inedito-globo-compra-filme-de-natal-da-amazon-com-ingrid-guimaraes-e-lazaro-ramos.shtml\" rel=\"nofollow noopener\" target=\"\">&#8220;O Primeiro Natal do Mundo&#8221;<\/a>, a fam\u00edlia Pinheiro Lima precisa recriar a data e suas tradi\u00e7\u00f5es nem um pouco brasileiras, em um mundo onde ningu\u00e9m nunca ouviu falar do feriado. Com\u00e9dia estrelada por<a href=\"https:\/\/f5.folha.uol.com.br\/celebridades\/2025\/10\/meu-maior-medo-e-ter-um-piripaque-de-saude-diz-ingrid-guimaraes.shtml\" rel=\"nofollow noopener\" target=\"\"> Ingrid Guimar\u00e3es<\/a> e<a href=\"https:\/\/www1.folha.uol.com.br\/folha-topicos\/lazaro-ramos\/\" rel=\"nofollow noopener\" target=\"\"> L\u00e1zaro Ramos<\/a> e dirigida por Susana Garcia.<\/p>\n<p><strong>Onde Ver:<\/strong> <a href=\"https:\/\/www1.folha.uol.com.br\/folha-topicos\/globo\/\" rel=\"nofollow noopener\" target=\"\">TV Globo<\/a>, 22h25, e <a href=\"https:\/\/www1.folha.uol.com.br\/folha-topicos\/amazon\/\" rel=\"nofollow noopener\" target=\"\">Prime Video<\/a>, livre<\/p>\n<p>Luan Santana Ao Vivo na Lua em Portugal<\/p>\n<p><strong>Onde Ver:<\/strong> Multishow, 21h30, 10 anos<\/p>\n<p>O show foi gravado em <a href=\"https:\/\/www1.folha.uol.com.br\/folha-topicos\/lisboa\/\" rel=\"nofollow noopener\" target=\"\">Lisboa<\/a> em agosto, quando Luan levou 80 mil pessoas ao Meo Arena para assistir a uma produ\u00e7\u00e3o grandiosa, com cenografia futurista, efeitos visuais e uma atmosfera inspirada na Lua.<\/p>\n<p>Nosso Natal em Fam\u00edlia<\/p>\n<p><strong>Onde Ver:<\/strong> Filmelier+, 14 anos<\/p>\n<p>A hist\u00f3ria acompanha a fam\u00edlia Balsano, que se re\u00fane para sua tradicional celebra\u00e7\u00e3o na v\u00e9spera do Natal. Conforme a noite avan\u00e7a, os primos adolescentes Lynn, Michelle e Splint aproveitam a confus\u00e3o para escapar para o sub\u00farbio.<\/p>\n<p>A Colheita da F\u00e9<\/p>\n<p><strong>Onde Ver:<\/strong><a href=\"https:\/\/www1.folha.uol.com.br\/ilustrada\/2025\/11\/globoplay-completa-dez-anos-no-ar-e-deseja-se-aproximar-da-televisao-mais-tradicional.shtml\" rel=\"nofollow noopener\" target=\"\"> Globoplay<\/a>, 10 anos<\/p>\n<p>Um pastor ganha a miss\u00e3o de fechar uma igreja rural, mas a chegada de refugiados faz com que ele mude de ideia. Ele junta for\u00e7as com a comunidade e acaba cultivando esperan\u00e7a. O filme \u00e9 inspirado em uma hist\u00f3ria ver\u00eddica e, no elenco, est\u00e3o <a href=\"https:\/\/fotografia.folha.uol.com.br\/galerias\/1770075256316845-imagens-do-ator-john-corbett\" rel=\"nofollow noopener\" target=\"\">John Corbett<\/a> e Cara Buono.<\/p>\n<p>Human Specimens<\/p>\n<p><strong>Onde Ver:<\/strong> Prime Video, 16 anos<\/p>\n<p>Na s\u00e9rie, um pesquisador de borboletas confessa ter transformado seis meninos \u2014incluindo o seu filho\u2014 em &#8220;esp\u00e9cimes humanos&#8221; de borboletas, todos expostos, acondicionados em vitrines em um bosque. S\u00e3o cinco epis\u00f3dios que lidam com trauma e obsess\u00e3o.<\/p>\n<p>Isabella Rossellini: Minha Vida Selvagem<\/p>\n<p><strong>Onde Ver:<\/strong> Film&amp;Arts, 20h, livre<\/p>\n<p>Filha de um dos casais mais admirados do cinema, <a href=\"https:\/\/www1.folha.uol.com.br\/ilustrada\/2015\/08\/1675108-vencedora-de-tres-oscars-ingrid-bergman-faria-cem-anos-hoje.shtml?cmpid=menupe\" rel=\"nofollow noopener\" target=\"\">Ingrid Bergman<\/a> e <a href=\"https:\/\/www1.folha.uol.com.br\/ilustrada\/2016\/11\/1829770-filme-de-rossellini-sobre-vida-de-sao-francisco-de-assis-chega-as-bancas.shtml\" rel=\"nofollow noopener\" target=\"\">Roberto Rossellini<\/a>, Isabella rapidamente saiu da sombra dos pais para se tornar uma atriz \u00e0 sua maneira, original e multifacetada. O document\u00e1rio sobre ela \u00e9 uma produ\u00e7\u00e3o francesa de 2010.<\/p>\n<p>Show de Simone<\/p>\n<p><strong>Onde Ver:<\/strong> <a href=\"https:\/\/www1.folha.uol.com.br\/colunas\/monicabergamo\/2025\/01\/tv-brasil-e-a-5a-emissora-mais-assistida-no-brasil.shtml\" rel=\"nofollow noopener\" target=\"\">TV Brasil<\/a>, 21h, livre<\/p>\n<p>O especial celebra os 75 anos da cantora e mais de cinco d\u00e9cadas de carreira com um show gravado em <a href=\"https:\/\/www1.folha.uol.com.br\/folha-topicos\/salvador\/\" rel=\"nofollow noopener\" target=\"\">Salvador<\/a>.<\/p>\n","protected":false},"excerpt":{"rendered":"Quando o Natal simplesmente desaparece da noite para o dia, em &#8220;O Primeiro Natal do Mundo&#8221;, a fam\u00edlia&hellip;\n","protected":false},"author":2,"featured_media":201904,"comment_status":"","ping_status":"","sticky":false,"template":"","format":"standard","meta":{"footnotes":""},"categories":[142],"tags":[470,114,115,40146,236,32,33,7465,940,151,600],"class_list":{"0":"post-201903","1":"post","2":"type-post","3":"status-publish","4":"format-standard","5":"has-post-thumbnail","7":"category-tv","8":"tag-cinema","9":"tag-entertainment","10":"tag-entretenimento","11":"tag-especial-de-natal","12":"tag-folha","13":"tag-portugal","14":"tag-pt","15":"tag-shows","16":"tag-streaming","17":"tag-tv","18":"tag-veja-video"},"share_on_mastodon":{"url":"https:\/\/pubeurope.com\/@pt\/115780166938002377","error":""},"_links":{"self":[{"href":"https:\/\/www.europesays.com\/pt\/wp-json\/wp\/v2\/posts\/201903","targetHints":{"allow":["GET"]}}],"collection":[{"href":"https:\/\/www.europesays.com\/pt\/wp-json\/wp\/v2\/posts"}],"about":[{"href":"https:\/\/www.europesays.com\/pt\/wp-json\/wp\/v2\/types\/post"}],"author":[{"embeddable":true,"href":"https:\/\/www.europesays.com\/pt\/wp-json\/wp\/v2\/users\/2"}],"replies":[{"embeddable":true,"href":"https:\/\/www.europesays.com\/pt\/wp-json\/wp\/v2\/comments?post=201903"}],"version-history":[{"count":0,"href":"https:\/\/www.europesays.com\/pt\/wp-json\/wp\/v2\/posts\/201903\/revisions"}],"wp:featuredmedia":[{"embeddable":true,"href":"https:\/\/www.europesays.com\/pt\/wp-json\/wp\/v2\/media\/201904"}],"wp:attachment":[{"href":"https:\/\/www.europesays.com\/pt\/wp-json\/wp\/v2\/media?parent=201903"}],"wp:term":[{"taxonomy":"category","embeddable":true,"href":"https:\/\/www.europesays.com\/pt\/wp-json\/wp\/v2\/categories?post=201903"},{"taxonomy":"post_tag","embeddable":true,"href":"https:\/\/www.europesays.com\/pt\/wp-json\/wp\/v2\/tags?post=201903"}],"curies":[{"name":"wp","href":"https:\/\/api.w.org\/{rel}","templated":true}]}}